{"id":10405,"date":"2026-08-30T09:33:24","date_gmt":"2026-08-30T07:33:24","guid":{"rendered":"https:\/\/amae.eu\/?p=10405"},"modified":"2026-08-30T09:36:06","modified_gmt":"2026-08-30T07:36:06","slug":"journees-europeennes-du-patrimoine-2026-exposition-images-et-memoires","status":"publish","type":"post","link":"https:\/\/amae.eu\/index.php\/2026\/08\/30\/journees-europeennes-du-patrimoine-2026-exposition-images-et-memoires\/","title":{"rendered":"Journ\u00e9es europ\u00e9ennes du Patrimoine 2026 &#8211; Exposition \u00ab\u00a0Images et m\u00e9moires\u00a0\u00bb"},"content":{"rendered":"\n<p>A l&rsquo;occasion des Journ\u00e9es europ\u00e9ennes du Patrimoine 2026 qui f\u00eatent le bicentenaire de la photographie, l&rsquo;association AMAE pr\u00e9sente \u00ab\u00a0IMAGES et M\u00c9MOIRES\u00a0\u00bb, une exposition consacr\u00e9e aux m\u00e9moires des habitants des quartiers est d&rsquo;Orl\u00e9ans. A partir de 240 documents collect\u00e9s aupr\u00e8s des habitants,, 152 images ont \u00e9t\u00e9 s\u00e9lectionn\u00e9es pour illustrer un patrimoine intime : albums de famille, cartes postales, archives personnelles et t\u00e9moignages. L&rsquo;exposition r\u00e9v\u00e8le des fragments de vie qui racontent l&rsquo;\u00e9volution du territoire, ses lieux, ses pratiques et ses solidarit\u00e9s.<\/p>\n\n\n\n<p>Argonaute, boulevard Marie Stuart, 19 septembre (10h-12h &#8211; 14h-18h), 20 septembre (10h-12h &#8211; 14h-17h).<\/p>\n\n\n\n<div class=\"wp-block-group\"><div class=\"wp-block-group__inner-container is-layout-grid wp-container-core-group-is-layout-1 wp-block-group-is-layout-grid\">\n<figure class=\"wp-block-image size-large\"><img fetchpriority=\"high\" decoding=\"async\" width=\"1024\" height=\"717\" src=\"https:\/\/amae.eu\/wp-content\/uploads\/2026\/08\/787652232_1596589772102775_590561736694261048_n-1024x717.jpg\" alt=\"\" class=\"wp-image-10406\" srcset=\"https:\/\/amae.eu\/wp-content\/uploads\/2026\/08\/787652232_1596589772102775_590561736694261048_n-1024x717.jpg 1024w, https:\/\/amae.eu\/wp-content\/uploads\/2026\/08\/787652232_1596589772102775_590561736694261048_n-300x210.jpg 300w, https:\/\/amae.eu\/wp-content\/uploads\/2026\/08\/787652232_1596589772102775_590561736694261048_n-768x538.jpg 768w, https:\/\/amae.eu\/wp-content\/uploads\/2026\/08\/787652232_1596589772102775_590561736694261048_n-1536x1076.jpg 1536w, https:\/\/amae.eu\/wp-content\/uploads\/2026\/08\/787652232_1596589772102775_590561736694261048_n.jpg 2048w\" sizes=\"(max-width: 1024px) 100vw, 1024px\" \/><\/figure>\n\n\n\n<figure class=\"wp-block-image size-large\"><img decoding=\"async\" width=\"1024\" height=\"719\" src=\"https:\/\/amae.eu\/wp-content\/uploads\/2026\/08\/787855124_1245650434354412_7892080193321097292_n-1024x719.jpg\" alt=\"\" class=\"wp-image-10407\" srcset=\"https:\/\/amae.eu\/wp-content\/uploads\/2026\/08\/787855124_1245650434354412_7892080193321097292_n-1024x719.jpg 1024w, https:\/\/amae.eu\/wp-content\/uploads\/2026\/08\/787855124_1245650434354412_7892080193321097292_n-300x210.jpg 300w, https:\/\/amae.eu\/wp-content\/uploads\/2026\/08\/787855124_1245650434354412_7892080193321097292_n-768x539.jpg 768w, https:\/\/amae.eu\/wp-content\/uploads\/2026\/08\/787855124_1245650434354412_7892080193321097292_n-1536x1078.jpg 1536w, https:\/\/amae.eu\/wp-content\/uploads\/2026\/08\/787855124_1245650434354412_7892080193321097292_n.jpg 2048w\" sizes=\"(max-width: 1024px) 100vw, 1024px\" \/><\/figure>\n\n\n\n<figure class=\"wp-block-image size-large\"><img decoding=\"async\" width=\"1024\" height=\"805\" src=\"https:\/\/amae.eu\/wp-content\/uploads\/2026\/08\/787941909_1700216625060399_6260689405531482742_n-1024x805.jpg\" alt=\"\" class=\"wp-image-10408\" srcset=\"https:\/\/amae.eu\/wp-content\/uploads\/2026\/08\/787941909_1700216625060399_6260689405531482742_n-1024x805.jpg 1024w, https:\/\/amae.eu\/wp-content\/uploads\/2026\/08\/787941909_1700216625060399_6260689405531482742_n-300x236.jpg 300w, https:\/\/amae.eu\/wp-content\/uploads\/2026\/08\/787941909_1700216625060399_6260689405531482742_n-768x603.jpg 768w, https:\/\/amae.eu\/wp-content\/uploads\/2026\/08\/787941909_1700216625060399_6260689405531482742_n-1536x1207.jpg 1536w, https:\/\/amae.eu\/wp-content\/uploads\/2026\/08\/787941909_1700216625060399_6260689405531482742_n.jpg 2048w\" sizes=\"(max-width: 1024px) 100vw, 1024px\" \/><\/figure>\n\n\n\n<figure class=\"wp-block-image size-large\"><img loading=\"lazy\" decoding=\"async\" width=\"748\" height=\"1024\" src=\"https:\/\/amae.eu\/wp-content\/uploads\/2026\/08\/784518187_1595048385754617_6081230825551939910_n-748x1024.jpg\" alt=\"\" class=\"wp-image-10409\" srcset=\"https:\/\/amae.eu\/wp-content\/uploads\/2026\/08\/784518187_1595048385754617_6081230825551939910_n-748x1024.jpg 748w, https:\/\/amae.eu\/wp-content\/uploads\/2026\/08\/784518187_1595048385754617_6081230825551939910_n-219x300.jpg 219w, https:\/\/amae.eu\/wp-content\/uploads\/2026\/08\/784518187_1595048385754617_6081230825551939910_n-768x1051.jpg 768w, https:\/\/amae.eu\/wp-content\/uploads\/2026\/08\/784518187_1595048385754617_6081230825551939910_n-1122x1536.jpg 1122w, https:\/\/amae.eu\/wp-content\/uploads\/2026\/08\/784518187_1595048385754617_6081230825551939910_n.jpg 1496w\" sizes=\"(max-width: 748px) 100vw, 748px\" \/><\/figure>\n<\/div><\/div>\n","protected":false},"excerpt":{"rendered":"<p>A l&rsquo;occasion des Journ\u00e9es europ\u00e9ennes du Patrimoine 2026 qui f\u00eatent le bicentenaire de la photographie, l&rsquo;association AMAE pr\u00e9sente \u00ab\u00a0IMAGES et M\u00c9MOIRES\u00a0\u00bb, une exposition consacr\u00e9e aux m\u00e9moires des habitants des quartiers est d&rsquo;Orl\u00e9ans. A partir de 240 documents collect\u00e9s aupr\u00e8s des habitants,, 152 images ont \u00e9t\u00e9 s\u00e9lectionn\u00e9es pour illustrer un patrimoine intime : albums de famille, [&hellip;]<\/p>\n","protected":false},"author":1,"featured_media":0,"comment_status":"open","ping_status":"open","sticky":false,"template":"","format":"standard","meta":{"ngg_post_thumbnail":0,"footnotes":""},"categories":[1],"tags":[],"class_list":["post-10405","post","type-post","status-publish","format-standard","hentry","category-non-classe","entry"],"_links":{"self":[{"href":"https:\/\/amae.eu\/index.php\/wp-json\/wp\/v2\/posts\/10405"}],"collection":[{"href":"https:\/\/amae.eu\/index.php\/wp-json\/wp\/v2\/posts"}],"about":[{"href":"https:\/\/amae.eu\/index.php\/wp-json\/wp\/v2\/types\/post"}],"author":[{"embeddable":true,"href":"https:\/\/amae.eu\/index.php\/wp-json\/wp\/v2\/users\/1"}],"replies":[{"embeddable":true,"href":"https:\/\/amae.eu\/index.php\/wp-json\/wp\/v2\/comments?post=10405"}],"version-history":[{"count":2,"href":"https:\/\/amae.eu\/index.php\/wp-json\/wp\/v2\/posts\/10405\/revisions"}],"predecessor-version":[{"id":10411,"href":"https:\/\/amae.eu\/index.php\/wp-json\/wp\/v2\/posts\/10405\/revisions\/10411"}],"wp:attachment":[{"href":"https:\/\/amae.eu\/index.php\/wp-json\/wp\/v2\/media?parent=10405"}],"wp:term":[{"taxonomy":"category","embeddable":true,"href":"https:\/\/amae.eu\/index.php\/wp-json\/wp\/v2\/categories?post=10405"},{"taxonomy":"post_tag","embeddable":true,"href":"https:\/\/amae.eu\/index.php\/wp-json\/wp\/v2\/tags?post=10405"}],"curies":[{"name":"wp","href":"https:\/\/api.w.org\/{rel}","templated":true}]}}