{"id":2203,"date":"2021-08-07T19:27:00","date_gmt":"2021-08-07T17:27:00","guid":{"rendered":"http:\/\/amae.eu\/?p=2203"},"modified":"2021-08-31T19:07:41","modified_gmt":"2021-08-31T17:07:41","slug":"belles-demeures-chateaux-moulins-la-fosse-belaude","status":"publish","type":"post","link":"https:\/\/amae.eu\/index.php\/2021\/08\/07\/belles-demeures-chateaux-moulins-la-fosse-belaude\/","title":{"rendered":"Belles demeures, ch\u00e2teaux, moulins &#8211; La Fosse-Belaude"},"content":{"rendered":"\n<p>Bonsoir,<\/p>\n\n\n\n<p>La demeure de \u00ab\u00a0la Fosse-Belaude\u00a0\u00bb se trouve \u00e0 proximit\u00e9 du chantier de construction de la station de d\u00e9carbonatation des eaux de la ville de Saint Jean de Braye (rue de la Fosse-Belaude). <\/p>\n\n\n\n<p>Il se dit que Jeanne d&rsquo;Arc s&rsquo;y serait repos\u00e9e !<\/p>\n\n\n\n<p>HIER : CPA Collection G. Creusillet  &#8211; AUJOURD&rsquo;HUI : Photos JJR<\/p>\n\n\n\n<p>Bonne soir\u00e9e, et bon dimanche \u00e0 vous.<\/p>\n\n\n\n<div class=\"wp-block-image is-style-default\"><figure class=\"aligncenter size-large is-resized\"><img fetchpriority=\"high\" decoding=\"async\" src=\"http:\/\/amae.eu\/wp-content\/uploads\/2021\/08\/La-Fosse-Belaude-2-1024x793.jpg\" alt=\"\" class=\"wp-image-2204\" width=\"512\" height=\"397\" srcset=\"https:\/\/amae.eu\/wp-content\/uploads\/2021\/08\/La-Fosse-Belaude-2-1024x793.jpg 1024w, https:\/\/amae.eu\/wp-content\/uploads\/2021\/08\/La-Fosse-Belaude-2-300x232.jpg 300w, https:\/\/amae.eu\/wp-content\/uploads\/2021\/08\/La-Fosse-Belaude-2-768x595.jpg 768w, https:\/\/amae.eu\/wp-content\/uploads\/2021\/08\/La-Fosse-Belaude-2.jpg 1152w\" sizes=\"(max-width: 512px) 100vw, 512px\" \/><\/figure><\/div>\n\n\n\n<div class=\"wp-block-image\"><figure class=\"aligncenter size-large is-resized\"><img decoding=\"async\" src=\"http:\/\/amae.eu\/wp-content\/uploads\/2021\/08\/La-Fausse-Belaude-2-1024x687.jpg\" alt=\"\" class=\"wp-image-2205\" width=\"512\" height=\"344\" srcset=\"https:\/\/amae.eu\/wp-content\/uploads\/2021\/08\/La-Fausse-Belaude-2-1024x687.jpg 1024w, https:\/\/amae.eu\/wp-content\/uploads\/2021\/08\/La-Fausse-Belaude-2-300x201.jpg 300w, https:\/\/amae.eu\/wp-content\/uploads\/2021\/08\/La-Fausse-Belaude-2-768x516.jpg 768w, https:\/\/amae.eu\/wp-content\/uploads\/2021\/08\/La-Fausse-Belaude-2-1536x1031.jpg 1536w, https:\/\/amae.eu\/wp-content\/uploads\/2021\/08\/La-Fausse-Belaude-2-2048x1375.jpg 2048w\" sizes=\"(max-width: 512px) 100vw, 512px\" \/><\/figure><\/div>\n\n\n\n<div class=\"wp-block-image\"><figure class=\"aligncenter size-large is-resized\"><img decoding=\"async\" src=\"http:\/\/amae.eu\/wp-content\/uploads\/2021\/08\/La-Fausse-Belaude-4-1024x687.jpg\" alt=\"\" class=\"wp-image-2206\" width=\"512\" height=\"344\" srcset=\"https:\/\/amae.eu\/wp-content\/uploads\/2021\/08\/La-Fausse-Belaude-4-1024x687.jpg 1024w, https:\/\/amae.eu\/wp-content\/uploads\/2021\/08\/La-Fausse-Belaude-4-300x201.jpg 300w, https:\/\/amae.eu\/wp-content\/uploads\/2021\/08\/La-Fausse-Belaude-4-768x516.jpg 768w, https:\/\/amae.eu\/wp-content\/uploads\/2021\/08\/La-Fausse-Belaude-4-1536x1031.jpg 1536w, https:\/\/amae.eu\/wp-content\/uploads\/2021\/08\/La-Fausse-Belaude-4-2048x1375.jpg 2048w\" sizes=\"(max-width: 512px) 100vw, 512px\" \/><\/figure><\/div>\n\n\n\n<div class=\"wp-block-image\"><figure class=\"aligncenter size-large is-resized\"><img loading=\"lazy\" decoding=\"async\" src=\"http:\/\/amae.eu\/wp-content\/uploads\/2021\/08\/La-Fausse-Belaude-4-1-1024x687.jpg\" alt=\"\" class=\"wp-image-2207\" width=\"512\" height=\"344\" srcset=\"https:\/\/amae.eu\/wp-content\/uploads\/2021\/08\/La-Fausse-Belaude-4-1-1024x687.jpg 1024w, https:\/\/amae.eu\/wp-content\/uploads\/2021\/08\/La-Fausse-Belaude-4-1-300x201.jpg 300w, https:\/\/amae.eu\/wp-content\/uploads\/2021\/08\/La-Fausse-Belaude-4-1-768x516.jpg 768w, https:\/\/amae.eu\/wp-content\/uploads\/2021\/08\/La-Fausse-Belaude-4-1-1536x1031.jpg 1536w, https:\/\/amae.eu\/wp-content\/uploads\/2021\/08\/La-Fausse-Belaude-4-1-2048x1375.jpg 2048w\" sizes=\"(max-width: 512px) 100vw, 512px\" \/><\/figure><\/div>\n\n\n\n<p><\/p>\n","protected":false},"excerpt":{"rendered":"<p>Bonsoir, La demeure de \u00ab\u00a0la Fosse-Belaude\u00a0\u00bb se trouve \u00e0 proximit\u00e9 du chantier de construction de la station de d\u00e9carbonatation des eaux de la ville de Saint Jean de Braye (rue de la Fosse-Belaude). Il se dit que Jeanne d&rsquo;Arc s&rsquo;y serait repos\u00e9e ! HIER : CPA Collection G. Creusillet &#8211; AUJOURD&rsquo;HUI : Photos JJR Bonne [&hellip;]<\/p>\n","protected":false},"author":2,"featured_media":0,"comment_status":"open","ping_status":"open","sticky":false,"template":"","format":"standard","meta":{"ngg_post_thumbnail":0,"footnotes":""},"categories":[13,11],"tags":[],"class_list":["post-2203","post","type-post","status-publish","format-standard","hentry","category-belles-demeures","category-sjdb","entry"],"_links":{"self":[{"href":"https:\/\/amae.eu\/index.php\/wp-json\/wp\/v2\/posts\/2203"}],"collection":[{"href":"https:\/\/amae.eu\/index.php\/wp-json\/wp\/v2\/posts"}],"about":[{"href":"https:\/\/amae.eu\/index.php\/wp-json\/wp\/v2\/types\/post"}],"author":[{"embeddable":true,"href":"https:\/\/amae.eu\/index.php\/wp-json\/wp\/v2\/users\/2"}],"replies":[{"embeddable":true,"href":"https:\/\/amae.eu\/index.php\/wp-json\/wp\/v2\/comments?post=2203"}],"version-history":[{"count":2,"href":"https:\/\/amae.eu\/index.php\/wp-json\/wp\/v2\/posts\/2203\/revisions"}],"predecessor-version":[{"id":2210,"href":"https:\/\/amae.eu\/index.php\/wp-json\/wp\/v2\/posts\/2203\/revisions\/2210"}],"wp:attachment":[{"href":"https:\/\/amae.eu\/index.php\/wp-json\/wp\/v2\/media?parent=2203"}],"wp:term":[{"taxonomy":"category","embeddable":true,"href":"https:\/\/amae.eu\/index.php\/wp-json\/wp\/v2\/categories?post=2203"},{"taxonomy":"post_tag","embeddable":true,"href":"https:\/\/amae.eu\/index.php\/wp-json\/wp\/v2\/tags?post=2203"}],"curies":[{"name":"wp","href":"https:\/\/api.w.org\/{rel}","templated":true}]}}