{"id":2355,"date":"2021-06-04T22:13:00","date_gmt":"2021-06-04T20:13:00","guid":{"rendered":"http:\/\/amae.eu\/?p=2355"},"modified":"2021-08-31T19:14:57","modified_gmt":"2021-08-31T17:14:57","slug":"les-cent-ans-de-lextension-du-canal-dorleans-balade-photographique","status":"publish","type":"post","link":"https:\/\/amae.eu\/index.php\/2021\/06\/04\/les-cent-ans-de-lextension-du-canal-dorleans-balade-photographique\/","title":{"rendered":"Les cent ans de l&rsquo;extension du Canal d&rsquo;Orl\u00e9ans &#8211; Balade photographique"},"content":{"rendered":"\n<p>Bonsoir,<\/p>\n\n\n\n<p>Les 2, 3 et 4 juillet 2021, les villes de Combleux, Saint Jean de Braye et Orl\u00e9ans f\u00eateront les 100 ans de l&rsquo;extension du Canal (1921- 2021). Ainsi, du 3 juillet au 3 octobre 2021, une exposition photos sera visible entre Combleux et Saint Jean de Braye , le long du canal. Elle retracera l&rsquo;histoire de la construction de l&rsquo;extension du canal, mais aussi les loisirs, les caf\u00e9s, le transport fluvial sur le canal. Notre groupe \u00ab\u00a0M\u00e9moires et Patrimoine\u00a0\u00bb a particip\u00e9 au travail de pr\u00e9paration de cette exposition avec la Direction de la Communication de la Ville et le Cercle des Cartophiles du Loiret. Cette exposition et cette balade photographique sont annonc\u00e9es \u00e0 la page 13 du num\u00e9ro de Juin 2021 du Magazine Regards. Notez ces dates d\u00e8s \u00e0 pr\u00e9sent sur vos agendas. D&rsquo;autres manifestations seront bient\u00f4t annonc\u00e9es.<\/p>\n\n\n\n<p>Sources : Regards n\u00b0255 &#8211; Juin 2021<\/p>\n\n\n\n<p>Tr\u00e8s bonne soir\u00e9e \u00e0 vous<\/p>\n\n\n\n<figure class=\"wp-block-image size-large is-resized\"><img fetchpriority=\"high\" decoding=\"async\" src=\"http:\/\/amae.eu\/wp-content\/uploads\/2021\/08\/100-ans-du-canal-781x1024.jpg\" alt=\"\" class=\"wp-image-2356\" width=\"781\" height=\"1024\" srcset=\"https:\/\/amae.eu\/wp-content\/uploads\/2021\/08\/100-ans-du-canal-781x1024.jpg 781w, https:\/\/amae.eu\/wp-content\/uploads\/2021\/08\/100-ans-du-canal-229x300.jpg 229w, https:\/\/amae.eu\/wp-content\/uploads\/2021\/08\/100-ans-du-canal-768x1007.jpg 768w, https:\/\/amae.eu\/wp-content\/uploads\/2021\/08\/100-ans-du-canal-1171x1536.jpg 1171w, https:\/\/amae.eu\/wp-content\/uploads\/2021\/08\/100-ans-du-canal.jpg 1484w\" sizes=\"(max-width: 781px) 100vw, 781px\" \/><\/figure>\n\n\n\n<p><\/p>\n","protected":false},"excerpt":{"rendered":"<p>Bonsoir, Les 2, 3 et 4 juillet 2021, les villes de Combleux, Saint Jean de Braye et Orl\u00e9ans f\u00eateront les 100 ans de l&rsquo;extension du Canal (1921- 2021). Ainsi, du 3 juillet au 3 octobre 2021, une exposition photos sera visible entre Combleux et Saint Jean de Braye , le long du canal. Elle retracera [&hellip;]<\/p>\n","protected":false},"author":2,"featured_media":0,"comment_status":"open","ping_status":"open","sticky":false,"template":"","format":"standard","meta":{"ngg_post_thumbnail":0,"footnotes":""},"categories":[16,11],"tags":[],"class_list":["post-2355","post","type-post","status-publish","format-standard","hentry","category-les-100-ans-de-lextension-du-canal","category-sjdb","entry"],"_links":{"self":[{"href":"https:\/\/amae.eu\/index.php\/wp-json\/wp\/v2\/posts\/2355"}],"collection":[{"href":"https:\/\/amae.eu\/index.php\/wp-json\/wp\/v2\/posts"}],"about":[{"href":"https:\/\/amae.eu\/index.php\/wp-json\/wp\/v2\/types\/post"}],"author":[{"embeddable":true,"href":"https:\/\/amae.eu\/index.php\/wp-json\/wp\/v2\/users\/2"}],"replies":[{"embeddable":true,"href":"https:\/\/amae.eu\/index.php\/wp-json\/wp\/v2\/comments?post=2355"}],"version-history":[{"count":1,"href":"https:\/\/amae.eu\/index.php\/wp-json\/wp\/v2\/posts\/2355\/revisions"}],"predecessor-version":[{"id":2357,"href":"https:\/\/amae.eu\/index.php\/wp-json\/wp\/v2\/posts\/2355\/revisions\/2357"}],"wp:attachment":[{"href":"https:\/\/amae.eu\/index.php\/wp-json\/wp\/v2\/media?parent=2355"}],"wp:term":[{"taxonomy":"category","embeddable":true,"href":"https:\/\/amae.eu\/index.php\/wp-json\/wp\/v2\/categories?post=2355"},{"taxonomy":"post_tag","embeddable":true,"href":"https:\/\/amae.eu\/index.php\/wp-json\/wp\/v2\/tags?post=2355"}],"curies":[{"name":"wp","href":"https:\/\/api.w.org\/{rel}","templated":true}]}}