{"id":2657,"date":"2021-09-19T19:31:53","date_gmt":"2021-09-19T17:31:53","guid":{"rendered":"http:\/\/amae.eu\/?p=2657"},"modified":"2021-09-19T19:35:35","modified_gmt":"2021-09-19T17:35:35","slug":"journees-du-patrimoine-18-et-19-septembre-2021","status":"publish","type":"post","link":"https:\/\/amae.eu\/index.php\/2021\/09\/19\/journees-du-patrimoine-18-et-19-septembre-2021\/","title":{"rendered":"Journ\u00e9es du Patrimoine &#8211; 18 et 19 Septembre 2021"},"content":{"rendered":"\n<p>Bonsoir,<\/p>\n\n\n\n<p>Dimanche 19\/09, une journ\u00e9e du patrimoine pluvieuse ! <\/p>\n\n\n\n<p>&#8211; Ce matin, une quinzaine de courageux ont particip\u00e9 \u00e0 la balade-d\u00e9couverte comment\u00e9e de l&rsquo;exposition des 100 ans de l&rsquo;extension du Canal de Combleux \u00e0 Orl\u00e9ans avec les membres du groupe M\u00e9moires et Patrimoine du Comit\u00e9 des Sages. Un moment appr\u00e9ci\u00e9 par toutes et tous, malgr\u00e9 le mauvais temps.<\/p>\n\n\n\n<p>&#8211; Cette apr\u00e8s-midi, salle d&rsquo;exposition du ch\u00e2teau des Longues All\u00e9es, une trentaine de passionn\u00e9s ont assist\u00e9 \u00e0 la projection d&rsquo;un diaporama, richement comment\u00e9, sur l&rsquo;histoire de la construction du canal, les loisirs, les caf\u00e9s d&rsquo;autrefois, etc&#8230;..                        Nombreux \u00e9changes entre les participants. <\/p>\n\n\n\n<p>Excellente soir\u00e9e \u00e0 vous, et \u00e0 demain.<\/p>\n\n\n\n<p>Photos ChR<\/p>\n\n\n\n<div class=\"wp-block-image\"><figure class=\"aligncenter size-large is-resized\"><img fetchpriority=\"high\" decoding=\"async\" src=\"http:\/\/amae.eu\/wp-content\/uploads\/2021\/09\/JP-2021-1-1-768x1024.jpg\" alt=\"\" class=\"wp-image-2659\" width=\"384\" height=\"512\" srcset=\"https:\/\/amae.eu\/wp-content\/uploads\/2021\/09\/JP-2021-1-1-768x1024.jpg 768w, https:\/\/amae.eu\/wp-content\/uploads\/2021\/09\/JP-2021-1-1-225x300.jpg 225w, https:\/\/amae.eu\/wp-content\/uploads\/2021\/09\/JP-2021-1-1.jpg 960w\" sizes=\"(max-width: 384px) 100vw, 384px\" \/><\/figure><\/div>\n\n\n\n<div class=\"wp-block-image\"><figure class=\"aligncenter size-large is-resized\"><img decoding=\"async\" src=\"http:\/\/amae.eu\/wp-content\/uploads\/2021\/09\/JP-2021-2-768x1024.jpg\" alt=\"\" class=\"wp-image-2660\" width=\"384\" height=\"512\" srcset=\"https:\/\/amae.eu\/wp-content\/uploads\/2021\/09\/JP-2021-2-768x1024.jpg 768w, https:\/\/amae.eu\/wp-content\/uploads\/2021\/09\/JP-2021-2-225x300.jpg 225w, https:\/\/amae.eu\/wp-content\/uploads\/2021\/09\/JP-2021-2.jpg 960w\" sizes=\"(max-width: 384px) 100vw, 384px\" \/><\/figure><\/div>\n\n\n\n<div class=\"wp-block-image\"><figure class=\"aligncenter size-large is-resized\"><img decoding=\"async\" src=\"http:\/\/amae.eu\/wp-content\/uploads\/2021\/09\/JP-2021-3-1024x765.jpg\" alt=\"\" class=\"wp-image-2661\" width=\"512\" height=\"383\" srcset=\"https:\/\/amae.eu\/wp-content\/uploads\/2021\/09\/JP-2021-3-1024x765.jpg 1024w, https:\/\/amae.eu\/wp-content\/uploads\/2021\/09\/JP-2021-3-300x224.jpg 300w, https:\/\/amae.eu\/wp-content\/uploads\/2021\/09\/JP-2021-3-768x573.jpg 768w, https:\/\/amae.eu\/wp-content\/uploads\/2021\/09\/JP-2021-3.jpg 1512w\" sizes=\"(max-width: 512px) 100vw, 512px\" \/><\/figure><\/div>\n\n\n\n<div class=\"wp-block-image\"><figure class=\"aligncenter size-large is-resized\"><img loading=\"lazy\" decoding=\"async\" src=\"http:\/\/amae.eu\/wp-content\/uploads\/2021\/09\/JP-2021-4-1024x768.jpg\" alt=\"\" class=\"wp-image-2662\" width=\"512\" height=\"384\" srcset=\"https:\/\/amae.eu\/wp-content\/uploads\/2021\/09\/JP-2021-4-1024x768.jpg 1024w, https:\/\/amae.eu\/wp-content\/uploads\/2021\/09\/JP-2021-4-300x225.jpg 300w, https:\/\/amae.eu\/wp-content\/uploads\/2021\/09\/JP-2021-4-768x576.jpg 768w, https:\/\/amae.eu\/wp-content\/uploads\/2021\/09\/JP-2021-4.jpg 1280w\" sizes=\"(max-width: 512px) 100vw, 512px\" \/><\/figure><\/div>\n\n\n\n<div class=\"wp-block-image\"><figure class=\"aligncenter size-large is-resized\"><img loading=\"lazy\" decoding=\"async\" src=\"http:\/\/amae.eu\/wp-content\/uploads\/2021\/09\/JP-2021-5-1024x768.jpg\" alt=\"\" class=\"wp-image-2663\" width=\"512\" height=\"384\" srcset=\"https:\/\/amae.eu\/wp-content\/uploads\/2021\/09\/JP-2021-5-1024x768.jpg 1024w, https:\/\/amae.eu\/wp-content\/uploads\/2021\/09\/JP-2021-5-300x225.jpg 300w, https:\/\/amae.eu\/wp-content\/uploads\/2021\/09\/JP-2021-5-768x576.jpg 768w, https:\/\/amae.eu\/wp-content\/uploads\/2021\/09\/JP-2021-5.jpg 1280w\" sizes=\"(max-width: 512px) 100vw, 512px\" \/><\/figure><\/div>\n\n\n\n<div class=\"wp-block-image\"><figure class=\"aligncenter size-large is-resized\"><img loading=\"lazy\" decoding=\"async\" src=\"http:\/\/amae.eu\/wp-content\/uploads\/2021\/09\/JP-2021-6-1024x768.jpg\" alt=\"\" class=\"wp-image-2664\" width=\"512\" height=\"384\" srcset=\"https:\/\/amae.eu\/wp-content\/uploads\/2021\/09\/JP-2021-6-1024x768.jpg 1024w, https:\/\/amae.eu\/wp-content\/uploads\/2021\/09\/JP-2021-6-300x225.jpg 300w, https:\/\/amae.eu\/wp-content\/uploads\/2021\/09\/JP-2021-6-768x576.jpg 768w, https:\/\/amae.eu\/wp-content\/uploads\/2021\/09\/JP-2021-6.jpg 1280w\" sizes=\"(max-width: 512px) 100vw, 512px\" \/><\/figure><\/div>\n","protected":false},"excerpt":{"rendered":"<p>Bonsoir, Dimanche 19\/09, une journ\u00e9e du patrimoine pluvieuse ! &#8211; Ce matin, une quinzaine de courageux ont particip\u00e9 \u00e0 la balade-d\u00e9couverte comment\u00e9e de l&rsquo;exposition des 100 ans de l&rsquo;extension du Canal de Combleux \u00e0 Orl\u00e9ans avec les membres du groupe M\u00e9moires et Patrimoine du Comit\u00e9 des Sages. Un moment appr\u00e9ci\u00e9 par toutes et tous, malgr\u00e9 [&hellip;]<\/p>\n","protected":false},"author":2,"featured_media":0,"comment_status":"open","ping_status":"open","sticky":false,"template":"","format":"standard","meta":{"ngg_post_thumbnail":0,"footnotes":""},"categories":[15,16,11,14],"tags":[],"class_list":["post-2657","post","type-post","status-publish","format-standard","hentry","category-actualites-du-groupe","category-les-100-ans-de-lextension-du-canal","category-sjdb","category-quartiers","entry"],"_links":{"self":[{"href":"https:\/\/amae.eu\/index.php\/wp-json\/wp\/v2\/posts\/2657"}],"collection":[{"href":"https:\/\/amae.eu\/index.php\/wp-json\/wp\/v2\/posts"}],"about":[{"href":"https:\/\/amae.eu\/index.php\/wp-json\/wp\/v2\/types\/post"}],"author":[{"embeddable":true,"href":"https:\/\/amae.eu\/index.php\/wp-json\/wp\/v2\/users\/2"}],"replies":[{"embeddable":true,"href":"https:\/\/amae.eu\/index.php\/wp-json\/wp\/v2\/comments?post=2657"}],"version-history":[{"count":2,"href":"https:\/\/amae.eu\/index.php\/wp-json\/wp\/v2\/posts\/2657\/revisions"}],"predecessor-version":[{"id":2665,"href":"https:\/\/amae.eu\/index.php\/wp-json\/wp\/v2\/posts\/2657\/revisions\/2665"}],"wp:attachment":[{"href":"https:\/\/amae.eu\/index.php\/wp-json\/wp\/v2\/media?parent=2657"}],"wp:term":[{"taxonomy":"category","embeddable":true,"href":"https:\/\/amae.eu\/index.php\/wp-json\/wp\/v2\/categories?post=2657"},{"taxonomy":"post_tag","embeddable":true,"href":"https:\/\/amae.eu\/index.php\/wp-json\/wp\/v2\/tags?post=2657"}],"curies":[{"name":"wp","href":"https:\/\/api.w.org\/{rel}","templated":true}]}}