{"id":3006,"date":"2021-11-26T21:00:00","date_gmt":"2021-11-26T20:00:00","guid":{"rendered":"http:\/\/amae.eu\/?p=3006"},"modified":"2021-11-29T18:09:28","modified_gmt":"2021-11-29T17:09:28","slug":"raymond-granger-un-mordu-de-laviation-3","status":"publish","type":"post","link":"https:\/\/amae.eu\/index.php\/2021\/11\/26\/raymond-granger-un-mordu-de-laviation-3\/","title":{"rendered":"Raymond GRANGER, un \u00ab\u00a0mordu\u00a0\u00bb de l&rsquo;aviation &#8211; 3 &#8211;"},"content":{"rendered":"\n<p>Bonsoir \u00e0 toutes et \u00e0 tous,<\/p>\n\n\n\n<p>Ce soir, voici le troisi\u00e8me \u00e9pisode de notre feuilleton \u00ab\u00a0Les pionniers de l&rsquo;aviation\u00a0\u00bb, dont le h\u00e9ros : Raymond GRANGER, abraysien est un \u00ab\u00a0mordu\u00a0\u00bb de l&rsquo;aviation.<\/p>\n\n\n\n<p>M. Granger remisa son appareil dans son atelier o\u00f9 il lui accorda une place d\u2019honneur qui en laissait bien peu aux bicyclettes. Mais il fallait trouver des magn\u00e9tos. Heureusement M. Granger avait un ami qui travaillait chez Delaug\u00e8re, fabricant d\u2019autos, faubourg Madeleine \u00e0 Orl\u00e9ans. Celui-ci parvint \u00e0 se faire pr\u00eater pour les jours non ouvrables les indispensables magn\u00e9tos. D\u00e8s lors on entendit, s\u2019\u00e9levant de l\u2019atelier de M. Granger, le bruit assourdissant de son moteur. Ce n\u2019\u00e9tait qu\u2019un premier stade. Restait \u00e0 voler. L\u2019essence ne manquait pas mais elle \u00e9tait ch\u00e8re et M. Granger n\u2019avait plus d\u2019argent. Or, il lui fallait encore apprendre \u00e0 piloter et obtenir des autorisations co\u00fbteuses. Il forma une soci\u00e9t\u00e9 dans le but d\u2019exposer son avion moyennant finance. L\u2019appareil fut h\u00e2l\u00e9 jusqu\u2019\u00e0 Mardi\u00e9 et gar\u00e9 sous la toile d\u2019un bal. Et l\u2019on attendit les clients. Il n\u2019en vint qu\u2019une dizaine. Les autres se content\u00e8rent de soulever les toiles pour regarder l\u2019avion sans bourse d\u00e9lier. Ce fut un fiasco ! D\u00e9\u00e7u, M. Granger revendit son appareil en pi\u00e8ces d\u00e9tach\u00e9es puis, comme il ne pouvait se passer de la vue d\u2019un a\u00e9roplane, il racheta un\u00ab Vend\u00f4me \u00bb qu\u2019il dressa en pyl\u00f4ne derri\u00e8re son atelier o\u00f9 le temps se chargea de le r\u00e9duire petit \u00e0 petit en un amas de ferraille et de bois.<\/p>\n\n\n\n<p>\u00e0 suivre &#8230;&#8230;&#8230;<\/p>\n\n\n\n<p>Bonne soir\u00e9e \u00e0 vous, et \u00e0 bient\u00f4t.<\/p>\n\n\n\n<p>Photos : V\u00e9hicules Delaug\u00e8re (source inconnue) &#8211; Texte Saint Jean de Braye &#8211; Bulletin municipal de 1976 <\/p>\n\n\n\n<div class=\"wp-block-image\"><figure class=\"aligncenter size-large is-resized\"><img fetchpriority=\"high\" decoding=\"async\" src=\"http:\/\/amae.eu\/wp-content\/uploads\/2021\/11\/Delaugere-et-Clayette-3-1024x683.jpg\" alt=\"\" class=\"wp-image-3014\" width=\"512\" height=\"342\" srcset=\"https:\/\/amae.eu\/wp-content\/uploads\/2021\/11\/Delaugere-et-Clayette-3-1024x683.jpg 1024w, https:\/\/amae.eu\/wp-content\/uploads\/2021\/11\/Delaugere-et-Clayette-3-300x200.jpg 300w, https:\/\/amae.eu\/wp-content\/uploads\/2021\/11\/Delaugere-et-Clayette-3-768x512.jpg 768w, https:\/\/amae.eu\/wp-content\/uploads\/2021\/11\/Delaugere-et-Clayette-3.jpg 1261w\" sizes=\"(max-width: 512px) 100vw, 512px\" \/><\/figure><\/div>\n\n\n\n<div class=\"wp-block-image\"><figure class=\"aligncenter size-large is-resized\"><img decoding=\"async\" src=\"http:\/\/amae.eu\/wp-content\/uploads\/2021\/11\/Delaugere-et-Clayette-2-1024x704.jpg\" alt=\"\" class=\"wp-image-3016\" width=\"512\" height=\"352\" srcset=\"https:\/\/amae.eu\/wp-content\/uploads\/2021\/11\/Delaugere-et-Clayette-2-1024x704.jpg 1024w, https:\/\/amae.eu\/wp-content\/uploads\/2021\/11\/Delaugere-et-Clayette-2-300x206.jpg 300w, https:\/\/amae.eu\/wp-content\/uploads\/2021\/11\/Delaugere-et-Clayette-2-768x528.jpg 768w, https:\/\/amae.eu\/wp-content\/uploads\/2021\/11\/Delaugere-et-Clayette-2.jpg 1226w\" sizes=\"(max-width: 512px) 100vw, 512px\" \/><\/figure><\/div>\n\n\n\n<div class=\"wp-block-image\"><figure class=\"aligncenter size-large is-resized\"><img decoding=\"async\" src=\"http:\/\/amae.eu\/wp-content\/uploads\/2021\/11\/Delaugere-et-Clayette-1-1024x722.jpg\" alt=\"\" class=\"wp-image-3017\" width=\"512\" height=\"361\" srcset=\"https:\/\/amae.eu\/wp-content\/uploads\/2021\/11\/Delaugere-et-Clayette-1-1024x722.jpg 1024w, https:\/\/amae.eu\/wp-content\/uploads\/2021\/11\/Delaugere-et-Clayette-1-300x212.jpg 300w, https:\/\/amae.eu\/wp-content\/uploads\/2021\/11\/Delaugere-et-Clayette-1-768x542.jpg 768w, https:\/\/amae.eu\/wp-content\/uploads\/2021\/11\/Delaugere-et-Clayette-1.jpg 1280w\" sizes=\"(max-width: 512px) 100vw, 512px\" \/><\/figure><\/div>\n\n\n\n<div class=\"wp-block-image\"><figure class=\"aligncenter size-large is-resized\"><img loading=\"lazy\" decoding=\"async\" src=\"http:\/\/amae.eu\/wp-content\/uploads\/2021\/11\/Delaugere-et-Clayette-0.jpg\" alt=\"\" class=\"wp-image-3018\" width=\"239\" height=\"255\" srcset=\"https:\/\/amae.eu\/wp-content\/uploads\/2021\/11\/Delaugere-et-Clayette-0.jpg 478w, https:\/\/amae.eu\/wp-content\/uploads\/2021\/11\/Delaugere-et-Clayette-0-281x300.jpg 281w\" sizes=\"(max-width: 239px) 100vw, 239px\" \/><\/figure><\/div>\n","protected":false},"excerpt":{"rendered":"<p>Bonsoir \u00e0 toutes et \u00e0 tous, Ce soir, voici le troisi\u00e8me \u00e9pisode de notre feuilleton \u00ab\u00a0Les pionniers de l&rsquo;aviation\u00a0\u00bb, dont le h\u00e9ros : Raymond GRANGER, abraysien est un \u00ab\u00a0mordu\u00a0\u00bb de l&rsquo;aviation. M. Granger remisa son appareil dans son atelier o\u00f9 il lui accorda une place d\u2019honneur qui en laissait bien peu aux bicyclettes. Mais il [&hellip;]<\/p>\n","protected":false},"author":2,"featured_media":0,"comment_status":"open","ping_status":"open","sticky":false,"template":"","format":"standard","meta":{"ngg_post_thumbnail":0,"footnotes":""},"categories":[11,19],"tags":[],"class_list":["post-3006","post","type-post","status-publish","format-standard","hentry","category-sjdb","category-personnalites-sjdb","entry"],"_links":{"self":[{"href":"https:\/\/amae.eu\/index.php\/wp-json\/wp\/v2\/posts\/3006"}],"collection":[{"href":"https:\/\/amae.eu\/index.php\/wp-json\/wp\/v2\/posts"}],"about":[{"href":"https:\/\/amae.eu\/index.php\/wp-json\/wp\/v2\/types\/post"}],"author":[{"embeddable":true,"href":"https:\/\/amae.eu\/index.php\/wp-json\/wp\/v2\/users\/2"}],"replies":[{"embeddable":true,"href":"https:\/\/amae.eu\/index.php\/wp-json\/wp\/v2\/comments?post=3006"}],"version-history":[{"count":3,"href":"https:\/\/amae.eu\/index.php\/wp-json\/wp\/v2\/posts\/3006\/revisions"}],"predecessor-version":[{"id":3030,"href":"https:\/\/amae.eu\/index.php\/wp-json\/wp\/v2\/posts\/3006\/revisions\/3030"}],"wp:attachment":[{"href":"https:\/\/amae.eu\/index.php\/wp-json\/wp\/v2\/media?parent=3006"}],"wp:term":[{"taxonomy":"category","embeddable":true,"href":"https:\/\/amae.eu\/index.php\/wp-json\/wp\/v2\/categories?post=3006"},{"taxonomy":"post_tag","embeddable":true,"href":"https:\/\/amae.eu\/index.php\/wp-json\/wp\/v2\/tags?post=3006"}],"curies":[{"name":"wp","href":"https:\/\/api.w.org\/{rel}","templated":true}]}}