{"id":3380,"date":"2022-01-10T18:25:35","date_gmt":"2022-01-10T17:25:35","guid":{"rendered":"http:\/\/amae.eu\/?p=3380"},"modified":"2022-01-10T18:26:35","modified_gmt":"2022-01-10T17:26:35","slug":"centre-pierre-caloni-2","status":"publish","type":"post","link":"https:\/\/amae.eu\/index.php\/2022\/01\/10\/centre-pierre-caloni-2\/","title":{"rendered":"Centre Pierre Caloni &#8211; 2 &#8211;"},"content":{"rendered":"\n<p>Bonsoir,<\/p>\n\n\n\n<p>A partir de la revue de Saint Jean de Braye &#8211; Notre ville &#8211; de Septembre et Octobre 1985 (n\u00b03),  continuons \u00e0 d\u00e9couvrir le Centre Pierre Caloni, \u00e9tablissement abraysien, unique en France et m\u00eame en Europe&nbsp;!<\/p>\n\n\n\n<p>Nous sommes ici dans un \u00e9tablissement de formation, dont les \u00e9l\u00e8ves ont une moyenne d\u2019\u00e2ge de 37 ans et viennent de la France enti\u00e8re, o\u00f9 l\u2019enseignement dispens\u00e9 est toujours enrichi de connaissances actualis\u00e9es et o\u00f9 les recherches sont approfondies.<\/p>\n\n\n\n<p>Le Centre Pierre Caloni peut \u00eatre consid\u00e9r\u00e9 comme l\u2019Universit\u00e9 de la Pr\u00e9vention des Accidents du Travail et de la Recherche de S\u00e9curit\u00e9 pour tous les m\u00e9tiers de la construction et de l\u2019am\u00e9nagement.<\/p>\n\n\n\n<p>Il remplit la mission de formation permanente que s\u2019\u00e9tait fix\u00e9e dans ce domaine l\u2019Organisme Professionnel de Pr\u00e9vention du B\u00e2timent et des Travaux Publics. L\u2019O.P.P.B.T.P, de composition paritaire employeurs\/salari\u00e9s a \u00e9t\u00e9 cr\u00e9\u00e9 en 1947 dans le cadre de la r\u00e9glementation sur les Comit\u00e9s d\u2019Hygi\u00e8ne et de S\u00e9curit\u00e9, il est financ\u00e9 par les cotisations des entreprises. Il dispose des Comit\u00e9s R\u00e9gionaux dont les d\u00e9l\u00e9gu\u00e9s \u00e0 la S\u00e9curit\u00e9 visitent chantiers, ateliers et si\u00e8ges d\u2019entreprises, services du mat\u00e9riel et bureaux de m\u00e9thodes.<\/p>\n\n\n\n<p>A suivre\u2026\u2026\u2026\u2026\u2026\u2026..<\/p>\n\n\n\n<p>Sources&nbsp;: Saint Jean de Braye \u2013 Notre ville &#8211; Septembre et Octobre 1985 (n\u00b03).<\/p>\n\n\n\n<p>Carte postale\u00a0JJR &#8211; Le Centre Pierre Caloni &#8211; le restaurant<\/p>\n\n\n\n<div class=\"wp-block-image\"><figure class=\"aligncenter size-large is-resized\"><img fetchpriority=\"high\" decoding=\"async\" src=\"http:\/\/amae.eu\/wp-content\/uploads\/2022\/01\/Centre-Pierre-Caloni-le-restaurant-1-1024x730.jpg\" alt=\"\" class=\"wp-image-3382\" width=\"768\" height=\"548\" srcset=\"https:\/\/amae.eu\/wp-content\/uploads\/2022\/01\/Centre-Pierre-Caloni-le-restaurant-1-1024x730.jpg 1024w, https:\/\/amae.eu\/wp-content\/uploads\/2022\/01\/Centre-Pierre-Caloni-le-restaurant-1-300x214.jpg 300w, https:\/\/amae.eu\/wp-content\/uploads\/2022\/01\/Centre-Pierre-Caloni-le-restaurant-1-768x547.jpg 768w, https:\/\/amae.eu\/wp-content\/uploads\/2022\/01\/Centre-Pierre-Caloni-le-restaurant-1-1536x1094.jpg 1536w, https:\/\/amae.eu\/wp-content\/uploads\/2022\/01\/Centre-Pierre-Caloni-le-restaurant-1.jpg 1600w\" sizes=\"(max-width: 768px) 100vw, 768px\" \/><figcaption>Le restaurant du Centre Pierre Caloni<\/figcaption><\/figure><\/div>\n","protected":false},"excerpt":{"rendered":"<p>Bonsoir, A partir de la revue de Saint Jean de Braye &#8211; Notre ville &#8211; de Septembre et Octobre 1985 (n\u00b03), continuons \u00e0 d\u00e9couvrir le Centre Pierre Caloni, \u00e9tablissement abraysien, unique en France et m\u00eame en Europe&nbsp;! Nous sommes ici dans un \u00e9tablissement de formation, dont les \u00e9l\u00e8ves ont une moyenne d\u2019\u00e2ge de 37 ans [&hellip;]<\/p>\n","protected":false},"author":2,"featured_media":0,"comment_status":"open","ping_status":"open","sticky":false,"template":"","format":"standard","meta":{"ngg_post_thumbnail":0,"footnotes":""},"categories":[21,11],"tags":[],"class_list":["post-3380","post","type-post","status-publish","format-standard","hentry","category-commerce-et-industrie","category-sjdb","entry"],"_links":{"self":[{"href":"https:\/\/amae.eu\/index.php\/wp-json\/wp\/v2\/posts\/3380"}],"collection":[{"href":"https:\/\/amae.eu\/index.php\/wp-json\/wp\/v2\/posts"}],"about":[{"href":"https:\/\/amae.eu\/index.php\/wp-json\/wp\/v2\/types\/post"}],"author":[{"embeddable":true,"href":"https:\/\/amae.eu\/index.php\/wp-json\/wp\/v2\/users\/2"}],"replies":[{"embeddable":true,"href":"https:\/\/amae.eu\/index.php\/wp-json\/wp\/v2\/comments?post=3380"}],"version-history":[{"count":2,"href":"https:\/\/amae.eu\/index.php\/wp-json\/wp\/v2\/posts\/3380\/revisions"}],"predecessor-version":[{"id":3384,"href":"https:\/\/amae.eu\/index.php\/wp-json\/wp\/v2\/posts\/3380\/revisions\/3384"}],"wp:attachment":[{"href":"https:\/\/amae.eu\/index.php\/wp-json\/wp\/v2\/media?parent=3380"}],"wp:term":[{"taxonomy":"category","embeddable":true,"href":"https:\/\/amae.eu\/index.php\/wp-json\/wp\/v2\/categories?post=3380"},{"taxonomy":"post_tag","embeddable":true,"href":"https:\/\/amae.eu\/index.php\/wp-json\/wp\/v2\/tags?post=3380"}],"curies":[{"name":"wp","href":"https:\/\/api.w.org\/{rel}","templated":true}]}}