{"id":3486,"date":"2022-01-30T15:59:00","date_gmt":"2022-01-30T14:59:00","guid":{"rendered":"http:\/\/amae.eu\/?p=3486"},"modified":"2022-01-31T12:05:48","modified_gmt":"2022-01-31T11:05:48","slug":"notre-page-facebook-fete-son-2eme-anniversaire","status":"publish","type":"post","link":"https:\/\/amae.eu\/index.php\/2022\/01\/30\/notre-page-facebook-fete-son-2eme-anniversaire\/","title":{"rendered":"Notre page Facebook f\u00eate son 2\u00e8me anniversaire."},"content":{"rendered":"\n<p>Bonjour \u00e0 toutes et \u00e0 tous,<\/p>\n\n\n\n<p>Un peu de soleil, de couleurs et de joie, nous sommes heureux, aujourd&rsquo;hui 30 Janvier, notre page Facebook f\u00eate son 2\u00e8me anniversaire ! Elle compte 482 abonn\u00e9s \u00e0 ce jour.<\/p>\n\n\n\n<p>Une publication chaque jour (ou presque), sur l&rsquo;histoire locale. Vous consultez r\u00e9guli\u00e8rement cette page, vous y \u00eates abonn\u00e9 et vous l&rsquo;aimez, alors n&rsquo;h\u00e9sitez pas \u00e0 la faire d\u00e9couvrir \u00e0 vos parents, amis, voisins et coll\u00e8gues. Si vous le souhaitez, vous pouvez nous \u00e9crire un petit message en commentant. Merci, et bon dimanche \u00e0 vous. \u00e0 bient\u00f4t<\/p>\n\n\n\n<div class=\"wp-block-image\"><figure class=\"aligncenter size-large is-resized\"><img fetchpriority=\"high\" decoding=\"async\" src=\"http:\/\/amae.eu\/wp-content\/uploads\/2022\/01\/2-ans-1024x683.jpg\" alt=\"\" class=\"wp-image-3487\" width=\"512\" height=\"342\" srcset=\"https:\/\/amae.eu\/wp-content\/uploads\/2022\/01\/2-ans-1024x683.jpg 1024w, https:\/\/amae.eu\/wp-content\/uploads\/2022\/01\/2-ans-300x200.jpg 300w, https:\/\/amae.eu\/wp-content\/uploads\/2022\/01\/2-ans-768x512.jpg 768w, https:\/\/amae.eu\/wp-content\/uploads\/2022\/01\/2-ans-1536x1024.jpg 1536w, https:\/\/amae.eu\/wp-content\/uploads\/2022\/01\/2-ans.jpg 2048w\" sizes=\"(max-width: 512px) 100vw, 512px\" \/><figcaption>2\u00e8me anniversaire <\/figcaption><\/figure><\/div>\n\n\n\n<div class=\"wp-block-image\"><figure class=\"aligncenter size-large is-resized\"><img decoding=\"async\" src=\"http:\/\/amae.eu\/wp-content\/uploads\/2022\/01\/Facebook-dans-Regards-2-890x1024.jpg\" alt=\"\" class=\"wp-image-3488\" width=\"445\" height=\"512\" srcset=\"https:\/\/amae.eu\/wp-content\/uploads\/2022\/01\/Facebook-dans-Regards-2-890x1024.jpg 890w, https:\/\/amae.eu\/wp-content\/uploads\/2022\/01\/Facebook-dans-Regards-2-261x300.jpg 261w, https:\/\/amae.eu\/wp-content\/uploads\/2022\/01\/Facebook-dans-Regards-2-768x884.jpg 768w, https:\/\/amae.eu\/wp-content\/uploads\/2022\/01\/Facebook-dans-Regards-2-1335x1536.jpg 1335w, https:\/\/amae.eu\/wp-content\/uploads\/2022\/01\/Facebook-dans-Regards-2.jpg 1499w\" sizes=\"(max-width: 445px) 100vw, 445px\" \/><figcaption>Notre page Facebook<\/figcaption><\/figure><\/div>\n","protected":false},"excerpt":{"rendered":"<p>Bonjour \u00e0 toutes et \u00e0 tous, Un peu de soleil, de couleurs et de joie, nous sommes heureux, aujourd&rsquo;hui 30 Janvier, notre page Facebook f\u00eate son 2\u00e8me anniversaire ! Elle compte 482 abonn\u00e9s \u00e0 ce jour. Une publication chaque jour (ou presque), sur l&rsquo;histoire locale. Vous consultez r\u00e9guli\u00e8rement cette page, vous y \u00eates abonn\u00e9 et [&hellip;]<\/p>\n","protected":false},"author":2,"featured_media":0,"comment_status":"open","ping_status":"open","sticky":false,"template":"","format":"standard","meta":{"ngg_post_thumbnail":0,"footnotes":""},"categories":[15,11],"tags":[],"class_list":["post-3486","post","type-post","status-publish","format-standard","hentry","category-actualites-du-groupe","category-sjdb","entry"],"_links":{"self":[{"href":"https:\/\/amae.eu\/index.php\/wp-json\/wp\/v2\/posts\/3486"}],"collection":[{"href":"https:\/\/amae.eu\/index.php\/wp-json\/wp\/v2\/posts"}],"about":[{"href":"https:\/\/amae.eu\/index.php\/wp-json\/wp\/v2\/types\/post"}],"author":[{"embeddable":true,"href":"https:\/\/amae.eu\/index.php\/wp-json\/wp\/v2\/users\/2"}],"replies":[{"embeddable":true,"href":"https:\/\/amae.eu\/index.php\/wp-json\/wp\/v2\/comments?post=3486"}],"version-history":[{"count":1,"href":"https:\/\/amae.eu\/index.php\/wp-json\/wp\/v2\/posts\/3486\/revisions"}],"predecessor-version":[{"id":3489,"href":"https:\/\/amae.eu\/index.php\/wp-json\/wp\/v2\/posts\/3486\/revisions\/3489"}],"wp:attachment":[{"href":"https:\/\/amae.eu\/index.php\/wp-json\/wp\/v2\/media?parent=3486"}],"wp:term":[{"taxonomy":"category","embeddable":true,"href":"https:\/\/amae.eu\/index.php\/wp-json\/wp\/v2\/categories?post=3486"},{"taxonomy":"post_tag","embeddable":true,"href":"https:\/\/amae.eu\/index.php\/wp-json\/wp\/v2\/tags?post=3486"}],"curies":[{"name":"wp","href":"https:\/\/api.w.org\/{rel}","templated":true}]}}