{"id":4032,"date":"2022-03-27T22:42:00","date_gmt":"2022-03-27T20:42:00","guid":{"rendered":"http:\/\/amae.eu\/?p=4032"},"modified":"2022-03-28T10:53:07","modified_gmt":"2022-03-28T08:53:07","slug":"la-fresque-murale-des-vins-des-bords-de-loire","status":"publish","type":"post","link":"https:\/\/amae.eu\/index.php\/2022\/03\/27\/la-fresque-murale-des-vins-des-bords-de-loire\/","title":{"rendered":"La fresque murale des \u00ab\u00a0Vins des bords de Loire\u00a0\u00bb"},"content":{"rendered":"\n<p>Bonsoir \u00e0 toutes et \u00e0 tous,<\/p>\n\n\n\n<p>Le 8 f\u00e9vrier dernier, nous avions \u00e9voqu\u00e9 la Soci\u00e9t\u00e9 ACP et la fresque des vins de bord de Loire qui se trouve avenue Charles P\u00e9guy.   Cette publication a touch\u00e9 4180 personnes, nombreux commentaires et partages. Des gens motiv\u00e9s, pr\u00eats \u00e0 aider pour sauver cette fresque tr\u00e8s d\u00e9grad\u00e9e aujourd&rsquo;hui. <\/p>\n\n\n\n<p>Chantal, avec l&rsquo;appui et le soutien du Groupe \u00ab\u00a0M\u00e9moires et Patrimoine\u00a0\u00bb du Comit\u00e9 des Sages avait d\u00e9pos\u00e9 une id\u00e9e sur la plateforme du budget Participatif de la ville. Dimanche dernier, les \u00e9lus ont rencontr\u00e9 les abraysiens sur le march\u00e9 et ont pr\u00e9sent\u00e9 les projets soumis au vote du 20 mars au 30 avril 2022. Pour cette 3\u00e8me \u00e9dition, 77 id\u00e9es ont \u00e9t\u00e9 d\u00e9pos\u00e9es. Apr\u00e8s \u00e9tudes, ce sont 28 propositions qui sont retenues dont la fresque murale des vins des bords de Loire.                                                                                                                            Pour la conserver, l&rsquo;id\u00e9e est de la reproduire \u00e0 l&rsquo;identique sur un support qui pourrait prendre place sur le b\u00e2timent, le mur \u00e9tant en mauvais \u00e9tat. <\/p>\n\n\n\n<p>Alors, c&rsquo;est le moment ! Votons, votez en ligne sur <a rel=\"noreferrer noopener\" href=\"http:\/\/www.saintjeandebraye.fr\/?fbclid=IwAR367tjp3xb2c1CKRL0pExme3ctxkSlYdift4s8Z6YC8gK9iG0avkbzBhSU\" target=\"_blank\">www.saintjeandebraye.fr<\/a> !                                                                                           C&rsquo;est tr\u00e8s simple : une adresse mail et un mot de pass, et choisissez 3 id\u00e9es dont la 25 : Reproduction de la fresque murale \u00ab\u00a0des vins de bord de Loire\u00a0\u00bb. Vous trouverez aussi un bulletin de vote sur le num\u00e9ro de REGARDS du mois d&rsquo;avril, que vous pourrez d\u00e9poser en mairie centrale si vous pr\u00e9f\u00e9rez. <\/p>\n\n\n\n<p>Maintenant, c&rsquo;est \u00e0 vous et \u00e0 nous de voter, invitez les membres de votre famille, vos amis, vos voisins, &#8230;..\u00e0 le faire \u00e9galement entre ce soir et le 30 avril prochain. On compte sur vous ! Merci <\/p>\n\n\n\n<p>Bonne soir\u00e9e <\/p>\n\n\n\n<p>Photos : JJR &#8211; Affiche ville de SJDB<\/p>\n\n\n\n<div class=\"wp-block-columns is-layout-flex wp-container-core-columns-is-layout-2 wp-block-columns-is-layout-flex\">\n<div class=\"wp-block-column is-layout-flow wp-block-column-is-layout-flow\">\n<div class=\"wp-block-columns is-layout-flex wp-container-core-columns-is-layout-1 wp-block-columns-is-layout-flex\">\n<div class=\"wp-block-column is-layout-flow wp-block-column-is-layout-flow\">\n<div class=\"wp-block-image\"><figure class=\"aligncenter size-large is-resized\"><img fetchpriority=\"high\" decoding=\"async\" src=\"http:\/\/amae.eu\/wp-content\/uploads\/2022\/03\/Fresque-des-vins-de-loire-1-1024x768.jpg\" alt=\"\" class=\"wp-image-4036\" width=\"512\" height=\"384\" srcset=\"https:\/\/amae.eu\/wp-content\/uploads\/2022\/03\/Fresque-des-vins-de-loire-1-1024x768.jpg 1024w, https:\/\/amae.eu\/wp-content\/uploads\/2022\/03\/Fresque-des-vins-de-loire-1-300x225.jpg 300w, https:\/\/amae.eu\/wp-content\/uploads\/2022\/03\/Fresque-des-vins-de-loire-1-768x576.jpg 768w, https:\/\/amae.eu\/wp-content\/uploads\/2022\/03\/Fresque-des-vins-de-loire-1-1536x1152.jpg 1536w, https:\/\/amae.eu\/wp-content\/uploads\/2022\/03\/Fresque-des-vins-de-loire-1.jpg 2048w\" sizes=\"(max-width: 512px) 100vw, 512px\" \/><\/figure><\/div>\n<\/div>\n\n\n\n<div class=\"wp-block-column is-layout-flow wp-block-column-is-layout-flow\"><\/div>\n<\/div>\n<\/div>\n\n\n\n<div class=\"wp-block-column is-layout-flow wp-block-column-is-layout-flow\">\n<p><\/p>\n<\/div>\n<\/div>\n\n\n\n<div class=\"wp-block-image\"><figure class=\"alignleft size-large is-resized\"><img decoding=\"async\" src=\"http:\/\/amae.eu\/wp-content\/uploads\/2022\/03\/affiche-745x1024.jpg\" alt=\"\" class=\"wp-image-4035\" width=\"373\" height=\"512\" srcset=\"https:\/\/amae.eu\/wp-content\/uploads\/2022\/03\/affiche-745x1024.jpg 745w, https:\/\/amae.eu\/wp-content\/uploads\/2022\/03\/affiche-218x300.jpg 218w, https:\/\/amae.eu\/wp-content\/uploads\/2022\/03\/affiche-768x1056.jpg 768w, https:\/\/amae.eu\/wp-content\/uploads\/2022\/03\/affiche-1118x1536.jpg 1118w, https:\/\/amae.eu\/wp-content\/uploads\/2022\/03\/affiche.jpg 1490w\" sizes=\"(max-width: 373px) 100vw, 373px\" \/><\/figure><\/div>\n\n\n\n<div class=\"wp-block-image\"><figure class=\"alignleft size-large is-resized\"><img decoding=\"async\" src=\"http:\/\/amae.eu\/wp-content\/uploads\/2022\/03\/la-fresque-murale-1-1024x768.jpg\" alt=\"\" class=\"wp-image-4037\" width=\"512\" height=\"384\" srcset=\"https:\/\/amae.eu\/wp-content\/uploads\/2022\/03\/la-fresque-murale-1-1024x768.jpg 1024w, https:\/\/amae.eu\/wp-content\/uploads\/2022\/03\/la-fresque-murale-1-300x225.jpg 300w, https:\/\/amae.eu\/wp-content\/uploads\/2022\/03\/la-fresque-murale-1-768x576.jpg 768w, https:\/\/amae.eu\/wp-content\/uploads\/2022\/03\/la-fresque-murale-1-1536x1152.jpg 1536w, https:\/\/amae.eu\/wp-content\/uploads\/2022\/03\/la-fresque-murale-1-2048x1536.jpg 2048w\" sizes=\"(max-width: 512px) 100vw, 512px\" \/><\/figure><\/div>\n","protected":false},"excerpt":{"rendered":"<p>Bonsoir \u00e0 toutes et \u00e0 tous, Le 8 f\u00e9vrier dernier, nous avions \u00e9voqu\u00e9 la Soci\u00e9t\u00e9 ACP et la fresque des vins de bord de Loire qui se trouve avenue Charles P\u00e9guy. Cette publication a touch\u00e9 4180 personnes, nombreux commentaires et partages. Des gens motiv\u00e9s, pr\u00eats \u00e0 aider pour sauver cette fresque tr\u00e8s d\u00e9grad\u00e9e aujourd&rsquo;hui. Chantal, [&hellip;]<\/p>\n","protected":false},"author":2,"featured_media":0,"comment_status":"open","ping_status":"open","sticky":false,"template":"","format":"standard","meta":{"ngg_post_thumbnail":0,"footnotes":""},"categories":[15,21,11],"tags":[],"class_list":["post-4032","post","type-post","status-publish","format-standard","hentry","category-actualites-du-groupe","category-commerce-et-industrie","category-sjdb","entry"],"_links":{"self":[{"href":"https:\/\/amae.eu\/index.php\/wp-json\/wp\/v2\/posts\/4032"}],"collection":[{"href":"https:\/\/amae.eu\/index.php\/wp-json\/wp\/v2\/posts"}],"about":[{"href":"https:\/\/amae.eu\/index.php\/wp-json\/wp\/v2\/types\/post"}],"author":[{"embeddable":true,"href":"https:\/\/amae.eu\/index.php\/wp-json\/wp\/v2\/users\/2"}],"replies":[{"embeddable":true,"href":"https:\/\/amae.eu\/index.php\/wp-json\/wp\/v2\/comments?post=4032"}],"version-history":[{"count":1,"href":"https:\/\/amae.eu\/index.php\/wp-json\/wp\/v2\/posts\/4032\/revisions"}],"predecessor-version":[{"id":4038,"href":"https:\/\/amae.eu\/index.php\/wp-json\/wp\/v2\/posts\/4032\/revisions\/4038"}],"wp:attachment":[{"href":"https:\/\/amae.eu\/index.php\/wp-json\/wp\/v2\/media?parent=4032"}],"wp:term":[{"taxonomy":"category","embeddable":true,"href":"https:\/\/amae.eu\/index.php\/wp-json\/wp\/v2\/categories?post=4032"},{"taxonomy":"post_tag","embeddable":true,"href":"https:\/\/amae.eu\/index.php\/wp-json\/wp\/v2\/tags?post=4032"}],"curies":[{"name":"wp","href":"https:\/\/api.w.org\/{rel}","templated":true}]}}