{"id":4357,"date":"2022-05-06T14:58:19","date_gmt":"2022-05-06T12:58:19","guid":{"rendered":"http:\/\/amae.eu\/?p=4357"},"modified":"2022-05-06T14:58:20","modified_gmt":"2022-05-06T12:58:20","slug":"notre-page-facebook","status":"publish","type":"post","link":"https:\/\/amae.eu\/index.php\/2022\/05\/06\/notre-page-facebook\/","title":{"rendered":"Notre page Facebook"},"content":{"rendered":"\n<p>Bonjour \u00e0 toutes et \u00e0 tous,<\/p>\n\n\n\n<p>Vous \u00eates abonn\u00e9s, vous consultez cette page r\u00e9guli\u00e8rement ou occasionnellement et vous aimez nos publications, continuez \u00e0 faire conna\u00eetre notre page ! <\/p>\n\n\n\n<p>Si pour une raison ou une autre, vous utilisez des informations, des photos, et des cartes postales anciennes de la collection particuli\u00e8re de G\u00e9rard Creusillet, des archives municipales, ou autres, nous vous prions de bien vouloir citer vos sources. Merci \u00e0 vous.<\/p>\n\n\n\n<p>Groupe M\u00e9moires et Patrimoine du Comit\u00e9 des Sages de Saint Jean de Braye.<\/p>\n\n\n\n<div class=\"wp-block-image\"><figure class=\"aligncenter size-large is-resized\"><img fetchpriority=\"high\" decoding=\"async\" src=\"http:\/\/amae.eu\/wp-content\/uploads\/2022\/05\/souvenir-de-SJB-1024x668.jpg\" alt=\"\" class=\"wp-image-4358\" width=\"512\" height=\"334\" srcset=\"https:\/\/amae.eu\/wp-content\/uploads\/2022\/05\/souvenir-de-SJB-1024x668.jpg 1024w, https:\/\/amae.eu\/wp-content\/uploads\/2022\/05\/souvenir-de-SJB-300x196.jpg 300w, https:\/\/amae.eu\/wp-content\/uploads\/2022\/05\/souvenir-de-SJB-768x501.jpg 768w, https:\/\/amae.eu\/wp-content\/uploads\/2022\/05\/souvenir-de-SJB.jpg 1104w\" sizes=\"(max-width: 512px) 100vw, 512px\" \/><figcaption>CPA &#8211; Collection G. Creusillet<\/figcaption><\/figure><\/div>\n","protected":false},"excerpt":{"rendered":"<p>Bonjour \u00e0 toutes et \u00e0 tous, Vous \u00eates abonn\u00e9s, vous consultez cette page r\u00e9guli\u00e8rement ou occasionnellement et vous aimez nos publications, continuez \u00e0 faire conna\u00eetre notre page ! Si pour une raison ou une autre, vous utilisez des informations, des photos, et des cartes postales anciennes de la collection particuli\u00e8re de G\u00e9rard Creusillet, des archives [&hellip;]<\/p>\n","protected":false},"author":2,"featured_media":0,"comment_status":"open","ping_status":"open","sticky":false,"template":"","format":"standard","meta":{"ngg_post_thumbnail":0,"footnotes":""},"categories":[15,11],"tags":[],"class_list":["post-4357","post","type-post","status-publish","format-standard","hentry","category-actualites-du-groupe","category-sjdb","entry"],"_links":{"self":[{"href":"https:\/\/amae.eu\/index.php\/wp-json\/wp\/v2\/posts\/4357"}],"collection":[{"href":"https:\/\/amae.eu\/index.php\/wp-json\/wp\/v2\/posts"}],"about":[{"href":"https:\/\/amae.eu\/index.php\/wp-json\/wp\/v2\/types\/post"}],"author":[{"embeddable":true,"href":"https:\/\/amae.eu\/index.php\/wp-json\/wp\/v2\/users\/2"}],"replies":[{"embeddable":true,"href":"https:\/\/amae.eu\/index.php\/wp-json\/wp\/v2\/comments?post=4357"}],"version-history":[{"count":1,"href":"https:\/\/amae.eu\/index.php\/wp-json\/wp\/v2\/posts\/4357\/revisions"}],"predecessor-version":[{"id":4359,"href":"https:\/\/amae.eu\/index.php\/wp-json\/wp\/v2\/posts\/4357\/revisions\/4359"}],"wp:attachment":[{"href":"https:\/\/amae.eu\/index.php\/wp-json\/wp\/v2\/media?parent=4357"}],"wp:term":[{"taxonomy":"category","embeddable":true,"href":"https:\/\/amae.eu\/index.php\/wp-json\/wp\/v2\/categories?post=4357"},{"taxonomy":"post_tag","embeddable":true,"href":"https:\/\/amae.eu\/index.php\/wp-json\/wp\/v2\/tags?post=4357"}],"curies":[{"name":"wp","href":"https:\/\/api.w.org\/{rel}","templated":true}]}}