{"id":5142,"date":"2022-07-18T18:30:00","date_gmt":"2022-07-18T16:30:00","guid":{"rendered":"http:\/\/amae.eu\/?p=5142"},"modified":"2022-07-18T18:03:11","modified_gmt":"2022-07-18T16:03:11","slug":"saint-loup-la-naissance-dune-fete","status":"publish","type":"post","link":"https:\/\/amae.eu\/index.php\/2022\/07\/18\/saint-loup-la-naissance-dune-fete\/","title":{"rendered":"Saint Loup &#8211; La naissance d&rsquo;une f\u00eate"},"content":{"rendered":"\n<p>Bonsoir \u00e0 toutes et \u00e0 tous,<\/p>\n\n\n\n<p>Continuons avec le 5\u00e8me paragraphe de l\u2019\u00e9tude de l\u2019APA (Atelier Public Abraysien d\u2019urbanisme et d\u2019architecture) de juin 1987 sur le quartier St Loup\/Bourgogne, \u00e9tude pr\u00e9alable \u00e0 l\u2019am\u00e9nagement de ce quartier.<\/p>\n\n\n\n<p>5\u00e8me paragraphe&nbsp;:La naissance d\u2019une f\u00eate<\/p>\n\n\n\n<p>\u00ab&nbsp;Lors de la suppression du monast\u00e8re, des marchands de g\u00e2teaux se rendaient dans l\u2019all\u00e9e du couvent que parcouraient un grand nombre de promeneurs, tandis que des danses et des buvettes s\u2019\u00e9tablissaient sur la petite place Saint Loup&nbsp;: le nouveau propri\u00e9taire eut beaucoup de peine \u00e0 faire renoncer le public au droit qu\u2019il croyait avoir de prendre ce jour-l\u00e0 possession de l\u2019all\u00e9e int\u00e9rieure du couvent qui subsiste encore.<\/p>\n\n\n\n<p>Aujourd\u2019hui, cette r\u00e9union villageoise, appel\u00e9e \u00ab&nbsp;Corps St Loup&nbsp;\u00bb a toujours lieu, et pour peu que le temps soit beau et P\u00e2ques un peu haut en saison, la population d\u2019Orl\u00e9ans et des environs se porte en foule \u00e0 St Loup, o\u00f9 se trouvent des marchands, des bateleurs, des danses, et des guinguettes&nbsp;\u00bb. (6)<\/p>\n\n\n\n<p>Le nouveau propri\u00e9taire d\u00e9truisit effectivement pas mal de choses, dont le petit cabinet dominant la Loire\u2026\u2026..avant de voir en 1814 les Cosaques arriver\u2026&#8230;et repartir, les Ulhans en 1870, les prisonniers allemands pendant la guerre de 1914.<\/p>\n\n\n\n<p>Que de souvenirs guerriers&nbsp;!<\/p>\n\n\n\n<p>Bonne soir\u00e9e \u00e0 vous,<\/p>\n\n\n\n<p>et \u00e0 demain pour le paragraphe 6 de l\u2019\u00e9tude.<\/p>\n\n\n\n<p>Photo JJR<\/p>\n\n\n\n<p>(6) Extrait du Moniteur du Loiret &#8211; 12 mars 1856 &#8211; Vergnaud -Romagn\u00e9si<\/p>\n\n\n\n<div class=\"wp-block-columns is-layout-flex wp-container-core-columns-is-layout-1 wp-block-columns-is-layout-flex\">\n<div class=\"wp-block-column is-layout-flow wp-block-column-is-layout-flow\">\n<figure class=\"wp-block-image size-large\"><img fetchpriority=\"high\" decoding=\"async\" width=\"1024\" height=\"768\" src=\"http:\/\/amae.eu\/wp-content\/uploads\/2022\/07\/1er-avril-St-Loup-2-1024x768.jpg\" alt=\"\" class=\"wp-image-5143\" srcset=\"https:\/\/amae.eu\/wp-content\/uploads\/2022\/07\/1er-avril-St-Loup-2-1024x768.jpg 1024w, https:\/\/amae.eu\/wp-content\/uploads\/2022\/07\/1er-avril-St-Loup-2-300x225.jpg 300w, https:\/\/amae.eu\/wp-content\/uploads\/2022\/07\/1er-avril-St-Loup-2-768x576.jpg 768w, https:\/\/amae.eu\/wp-content\/uploads\/2022\/07\/1er-avril-St-Loup-2-1536x1152.jpg 1536w, https:\/\/amae.eu\/wp-content\/uploads\/2022\/07\/1er-avril-St-Loup-2.jpg 2048w\" sizes=\"(max-width: 1024px) 100vw, 1024px\" \/><figcaption>Vue de l&rsquo;ext\u00e9rieur <\/figcaption><\/figure>\n<\/div>\n\n\n\n<div class=\"wp-block-column is-layout-flow wp-block-column-is-layout-flow\">\n<figure class=\"wp-block-image size-large\"><img decoding=\"async\" width=\"1024\" height=\"687\" src=\"http:\/\/amae.eu\/wp-content\/uploads\/2022\/07\/16-AVRIL-2013-LE-CHATEAU-DE-ST-LOUP-23-1024x687.jpg\" alt=\"\" class=\"wp-image-5144\" srcset=\"https:\/\/amae.eu\/wp-content\/uploads\/2022\/07\/16-AVRIL-2013-LE-CHATEAU-DE-ST-LOUP-23-1024x687.jpg 1024w, https:\/\/amae.eu\/wp-content\/uploads\/2022\/07\/16-AVRIL-2013-LE-CHATEAU-DE-ST-LOUP-23-300x201.jpg 300w, https:\/\/amae.eu\/wp-content\/uploads\/2022\/07\/16-AVRIL-2013-LE-CHATEAU-DE-ST-LOUP-23-768x516.jpg 768w, https:\/\/amae.eu\/wp-content\/uploads\/2022\/07\/16-AVRIL-2013-LE-CHATEAU-DE-ST-LOUP-23-1536x1031.jpg 1536w, https:\/\/amae.eu\/wp-content\/uploads\/2022\/07\/16-AVRIL-2013-LE-CHATEAU-DE-ST-LOUP-23-2048x1375.jpg 2048w\" sizes=\"(max-width: 1024px) 100vw, 1024px\" \/><figcaption>Vue de l&rsquo;int\u00e9rieur du parc<\/figcaption><\/figure>\n<\/div>\n<\/div>\n","protected":false},"excerpt":{"rendered":"<p>Bonsoir \u00e0 toutes et \u00e0 tous, Continuons avec le 5\u00e8me paragraphe de l\u2019\u00e9tude de l\u2019APA (Atelier Public Abraysien d\u2019urbanisme et d\u2019architecture) de juin 1987 sur le quartier St Loup\/Bourgogne, \u00e9tude pr\u00e9alable \u00e0 l\u2019am\u00e9nagement de ce quartier. 5\u00e8me paragraphe&nbsp;:La naissance d\u2019une f\u00eate \u00ab&nbsp;Lors de la suppression du monast\u00e8re, des marchands de g\u00e2teaux se rendaient dans l\u2019all\u00e9e [&hellip;]<\/p>\n","protected":false},"author":2,"featured_media":0,"comment_status":"open","ping_status":"open","sticky":false,"template":"","format":"standard","meta":{"ngg_post_thumbnail":0,"footnotes":""},"categories":[11,14],"tags":[],"class_list":["post-5142","post","type-post","status-publish","format-standard","hentry","category-sjdb","category-quartiers","entry"],"_links":{"self":[{"href":"https:\/\/amae.eu\/index.php\/wp-json\/wp\/v2\/posts\/5142"}],"collection":[{"href":"https:\/\/amae.eu\/index.php\/wp-json\/wp\/v2\/posts"}],"about":[{"href":"https:\/\/amae.eu\/index.php\/wp-json\/wp\/v2\/types\/post"}],"author":[{"embeddable":true,"href":"https:\/\/amae.eu\/index.php\/wp-json\/wp\/v2\/users\/2"}],"replies":[{"embeddable":true,"href":"https:\/\/amae.eu\/index.php\/wp-json\/wp\/v2\/comments?post=5142"}],"version-history":[{"count":1,"href":"https:\/\/amae.eu\/index.php\/wp-json\/wp\/v2\/posts\/5142\/revisions"}],"predecessor-version":[{"id":5145,"href":"https:\/\/amae.eu\/index.php\/wp-json\/wp\/v2\/posts\/5142\/revisions\/5145"}],"wp:attachment":[{"href":"https:\/\/amae.eu\/index.php\/wp-json\/wp\/v2\/media?parent=5142"}],"wp:term":[{"taxonomy":"category","embeddable":true,"href":"https:\/\/amae.eu\/index.php\/wp-json\/wp\/v2\/categories?post=5142"},{"taxonomy":"post_tag","embeddable":true,"href":"https:\/\/amae.eu\/index.php\/wp-json\/wp\/v2\/tags?post=5142"}],"curies":[{"name":"wp","href":"https:\/\/api.w.org\/{rel}","templated":true}]}}