{"id":5400,"date":"2022-08-29T12:44:15","date_gmt":"2022-08-29T10:44:15","guid":{"rendered":"http:\/\/amae.eu\/?p=5400"},"modified":"2022-08-29T12:44:16","modified_gmt":"2022-08-29T10:44:16","slug":"daniel-roux-portrait","status":"publish","type":"post","link":"https:\/\/amae.eu\/index.php\/2022\/08\/29\/daniel-roux-portrait\/","title":{"rendered":"Daniel Roux &#8211; Portrait &#8211;"},"content":{"rendered":"\n<p>Bonjour \u00e0 toutes et \u00e0 tous,<\/p>\n\n\n\n<p>Des s\u00e9niors abraysiens nous racontent les ann\u00e9es 60 \u00e0 Saint Jean de Braye : 6\u00e8me portait de notre s\u00e9rie estivale dans la R\u00e9publique du Centre, c&rsquo;est Daniel ROUX, un mordu de cyclotourisme.<\/p>\n\n\n\n<p>Un grand merci \u00e0 Daniel Roux et \u00e0 Chantal Sarradin de la R\u00e9publique du Centre.<\/p>\n\n\n\n<p><a><\/a>Bonne journ\u00e9e \u00e0 tous,<\/p>\n\n\n\n<p>et \u00e0 demain.<\/p>\n\n\n\n<p>Sources : la r\u00e9publique du centre de ce jour 29\/08\/2022<\/p>\n\n\n<div class=\"wp-block-image\">\n<figure class=\"aligncenter size-large is-resized\"><img fetchpriority=\"high\" decoding=\"async\" src=\"http:\/\/amae.eu\/wp-content\/uploads\/2022\/08\/Portrait-Daniel-ROUX-1024x1024.jpg\" alt=\"\" class=\"wp-image-5401\" width=\"768\" height=\"768\" srcset=\"https:\/\/amae.eu\/wp-content\/uploads\/2022\/08\/Portrait-Daniel-ROUX-1024x1024.jpg 1024w, https:\/\/amae.eu\/wp-content\/uploads\/2022\/08\/Portrait-Daniel-ROUX-300x300.jpg 300w, https:\/\/amae.eu\/wp-content\/uploads\/2022\/08\/Portrait-Daniel-ROUX-150x150.jpg 150w, https:\/\/amae.eu\/wp-content\/uploads\/2022\/08\/Portrait-Daniel-ROUX-768x768.jpg 768w, https:\/\/amae.eu\/wp-content\/uploads\/2022\/08\/Portrait-Daniel-ROUX-1536x1536.jpg 1536w, https:\/\/amae.eu\/wp-content\/uploads\/2022\/08\/Portrait-Daniel-ROUX-2048x2048.jpg 2048w, https:\/\/amae.eu\/wp-content\/uploads\/2022\/08\/Portrait-Daniel-ROUX-600x600.jpg 600w\" sizes=\"(max-width: 768px) 100vw, 768px\" \/><figcaption>la r\u00e9publique du centre d&rsquo;aujourd&rsquo;hui<\/figcaption><\/figure><\/div>\n\n\n<p><\/p>\n","protected":false},"excerpt":{"rendered":"<p>Bonjour \u00e0 toutes et \u00e0 tous, Des s\u00e9niors abraysiens nous racontent les ann\u00e9es 60 \u00e0 Saint Jean de Braye : 6\u00e8me portait de notre s\u00e9rie estivale dans la R\u00e9publique du Centre, c&rsquo;est Daniel ROUX, un mordu de cyclotourisme. Un grand merci \u00e0 Daniel Roux et \u00e0 Chantal Sarradin de la R\u00e9publique du Centre. Bonne journ\u00e9e [&hellip;]<\/p>\n","protected":false},"author":2,"featured_media":0,"comment_status":"open","ping_status":"open","sticky":false,"template":"","format":"standard","meta":{"ngg_post_thumbnail":0,"footnotes":""},"categories":[11,19],"tags":[],"class_list":["post-5400","post","type-post","status-publish","format-standard","hentry","category-sjdb","category-personnalites-sjdb","entry"],"_links":{"self":[{"href":"https:\/\/amae.eu\/index.php\/wp-json\/wp\/v2\/posts\/5400"}],"collection":[{"href":"https:\/\/amae.eu\/index.php\/wp-json\/wp\/v2\/posts"}],"about":[{"href":"https:\/\/amae.eu\/index.php\/wp-json\/wp\/v2\/types\/post"}],"author":[{"embeddable":true,"href":"https:\/\/amae.eu\/index.php\/wp-json\/wp\/v2\/users\/2"}],"replies":[{"embeddable":true,"href":"https:\/\/amae.eu\/index.php\/wp-json\/wp\/v2\/comments?post=5400"}],"version-history":[{"count":1,"href":"https:\/\/amae.eu\/index.php\/wp-json\/wp\/v2\/posts\/5400\/revisions"}],"predecessor-version":[{"id":5402,"href":"https:\/\/amae.eu\/index.php\/wp-json\/wp\/v2\/posts\/5400\/revisions\/5402"}],"wp:attachment":[{"href":"https:\/\/amae.eu\/index.php\/wp-json\/wp\/v2\/media?parent=5400"}],"wp:term":[{"taxonomy":"category","embeddable":true,"href":"https:\/\/amae.eu\/index.php\/wp-json\/wp\/v2\/categories?post=5400"},{"taxonomy":"post_tag","embeddable":true,"href":"https:\/\/amae.eu\/index.php\/wp-json\/wp\/v2\/tags?post=5400"}],"curies":[{"name":"wp","href":"https:\/\/api.w.org\/{rel}","templated":true}]}}