{"id":5747,"date":"2022-10-13T22:22:18","date_gmt":"2022-10-13T20:22:18","guid":{"rendered":"http:\/\/amae.eu\/?p=5747"},"modified":"2022-10-13T22:22:18","modified_gmt":"2022-10-13T20:22:18","slug":"la-boucherie-gerard-lesimple-rue-dambert","status":"publish","type":"post","link":"https:\/\/amae.eu\/index.php\/2022\/10\/13\/la-boucherie-gerard-lesimple-rue-dambert\/","title":{"rendered":"La boucherie G\u00e9rard Lesimple, rue d&rsquo;Ambert"},"content":{"rendered":"\n<p>Bonsoir \u00e0 toutes et \u00e0 tous,<\/p>\n\n\n\n<p>Continuons par la rue d&rsquo;Ambert.<\/p>\n\n\n\n<p>Plusieurs artisans-bouchers se sont succ\u00e9d\u00e9 au 43 rue d&rsquo;Ambert, \u00e0 son intersection avec la rue aux Ligneaux. (C\u00f4t\u00e9 Orl\u00e9ans).<\/p>\n\n\n\n<p>Nous n&rsquo;avons pas retrouv\u00e9 \u00e0 quelle date celle-ci a \u00e9t\u00e9 ouverte, ni quels ont \u00e9t\u00e9 les premiers bouchers.<\/p>\n\n\n\n<p>Si vous avez des informations, n&rsquo;h\u00e9sitez pas \u00e0 commenter.<\/p>\n\n\n\n<p>Nous savons que jusqu&rsquo;en 1948, c&rsquo;\u00e9tait la boucherie Fouju.<\/p>\n\n\n\n<p>De 1948 \u00e0 1962, le boucher \u00e9tait M. Denis (le p\u00e8re de Jacky),<\/p>\n\n\n\n<p>puis de 1962 \u00e0 1993 Jacky Denis. ( L&rsquo;humour de J. Denis est \u00e0 souligner ! voir le papier d&#8217;emballage de la viande).<\/p>\n\n\n\n<p>Son successeur, G\u00e9rard Lesimple a cess\u00e9 son activit\u00e9 en 1999\/2000 et a vendu \u00e0 un particulier qui a transform\u00e9 la boucherie en maison d&rsquo;habitation.<\/p>\n\n\n\n<p>Photo : Boucherie G\u00e9rard Lesimple transmise par M. Lesimple<\/p>\n\n\n\n<p>Photo : Papier d&#8217;emballage remis par Jacky Denis<\/p>\n\n\n\n<p>Photo : Maison d&rsquo;habitation actuelle : JJR<\/p>\n\n\n\n<p>Excellente soir\u00e9e \u00e0 tous,<\/p>\n\n\n\n<p>et \u00e0 demain<\/p>\n\n\n\n<div class=\"wp-block-columns is-layout-flex wp-container-core-columns-is-layout-1 wp-block-columns-is-layout-flex\">\n<div class=\"wp-block-column is-layout-flow wp-block-column-is-layout-flow\"><div class=\"wp-block-image\">\n<figure class=\"aligncenter size-full\"><img fetchpriority=\"high\" decoding=\"async\" width=\"336\" height=\"212\" src=\"http:\/\/amae.eu\/wp-content\/uploads\/2022\/10\/Boucherie-Gerard-Lesimple.jpg\" alt=\"\" class=\"wp-image-5748\" srcset=\"https:\/\/amae.eu\/wp-content\/uploads\/2022\/10\/Boucherie-Gerard-Lesimple.jpg 336w, https:\/\/amae.eu\/wp-content\/uploads\/2022\/10\/Boucherie-Gerard-Lesimple-300x189.jpg 300w\" sizes=\"(max-width: 336px) 100vw, 336px\" \/><figcaption>Boucherie G\u00e9rard Lesimple<\/figcaption><\/figure><\/div><\/div>\n\n\n\n<div class=\"wp-block-column is-layout-flow wp-block-column-is-layout-flow\"><div class=\"wp-block-image\">\n<figure class=\"aligncenter size-large\"><img decoding=\"async\" width=\"1024\" height=\"687\" src=\"http:\/\/amae.eu\/wp-content\/uploads\/2022\/10\/Boucherie-Denis-1-1024x687.jpg\" alt=\"\" class=\"wp-image-5749\" srcset=\"https:\/\/amae.eu\/wp-content\/uploads\/2022\/10\/Boucherie-Denis-1-1024x687.jpg 1024w, https:\/\/amae.eu\/wp-content\/uploads\/2022\/10\/Boucherie-Denis-1-300x201.jpg 300w, https:\/\/amae.eu\/wp-content\/uploads\/2022\/10\/Boucherie-Denis-1-768x516.jpg 768w, https:\/\/amae.eu\/wp-content\/uploads\/2022\/10\/Boucherie-Denis-1-1536x1031.jpg 1536w, https:\/\/amae.eu\/wp-content\/uploads\/2022\/10\/Boucherie-Denis-1-2048x1375.jpg 2048w\" sizes=\"(max-width: 1024px) 100vw, 1024px\" \/><figcaption>Maison d&rsquo;habitation actuelle<\/figcaption><\/figure><\/div><\/div>\n<\/div>\n\n\n<div class=\"wp-block-image\">\n<figure class=\"aligncenter size-full is-resized\"><img decoding=\"async\" src=\"http:\/\/amae.eu\/wp-content\/uploads\/2022\/10\/Boucherie-Jacky-DENIS.jpg\" alt=\"\" class=\"wp-image-5750\" width=\"280\" height=\"284\" \/><figcaption>Papier d&#8217;emballage Jacky Denis<\/figcaption><\/figure><\/div>","protected":false},"excerpt":{"rendered":"<p>Bonsoir \u00e0 toutes et \u00e0 tous, Continuons par la rue d&rsquo;Ambert. Plusieurs artisans-bouchers se sont succ\u00e9d\u00e9 au 43 rue d&rsquo;Ambert, \u00e0 son intersection avec la rue aux Ligneaux. (C\u00f4t\u00e9 Orl\u00e9ans). Nous n&rsquo;avons pas retrouv\u00e9 \u00e0 quelle date celle-ci a \u00e9t\u00e9 ouverte, ni quels ont \u00e9t\u00e9 les premiers bouchers. Si vous avez des informations, n&rsquo;h\u00e9sitez pas [&hellip;]<\/p>\n","protected":false},"author":2,"featured_media":0,"comment_status":"open","ping_status":"open","sticky":false,"template":"","format":"standard","meta":{"ngg_post_thumbnail":0,"footnotes":""},"categories":[21,11],"tags":[],"class_list":["post-5747","post","type-post","status-publish","format-standard","hentry","category-commerce-et-industrie","category-sjdb","entry"],"_links":{"self":[{"href":"https:\/\/amae.eu\/index.php\/wp-json\/wp\/v2\/posts\/5747"}],"collection":[{"href":"https:\/\/amae.eu\/index.php\/wp-json\/wp\/v2\/posts"}],"about":[{"href":"https:\/\/amae.eu\/index.php\/wp-json\/wp\/v2\/types\/post"}],"author":[{"embeddable":true,"href":"https:\/\/amae.eu\/index.php\/wp-json\/wp\/v2\/users\/2"}],"replies":[{"embeddable":true,"href":"https:\/\/amae.eu\/index.php\/wp-json\/wp\/v2\/comments?post=5747"}],"version-history":[{"count":1,"href":"https:\/\/amae.eu\/index.php\/wp-json\/wp\/v2\/posts\/5747\/revisions"}],"predecessor-version":[{"id":5751,"href":"https:\/\/amae.eu\/index.php\/wp-json\/wp\/v2\/posts\/5747\/revisions\/5751"}],"wp:attachment":[{"href":"https:\/\/amae.eu\/index.php\/wp-json\/wp\/v2\/media?parent=5747"}],"wp:term":[{"taxonomy":"category","embeddable":true,"href":"https:\/\/amae.eu\/index.php\/wp-json\/wp\/v2\/categories?post=5747"},{"taxonomy":"post_tag","embeddable":true,"href":"https:\/\/amae.eu\/index.php\/wp-json\/wp\/v2\/tags?post=5747"}],"curies":[{"name":"wp","href":"https:\/\/api.w.org\/{rel}","templated":true}]}}