{"id":6256,"date":"2023-01-12T22:44:42","date_gmt":"2023-01-12T21:44:42","guid":{"rendered":"http:\/\/amae.eu\/?p=6256"},"modified":"2023-01-12T22:46:28","modified_gmt":"2023-01-12T21:46:28","slug":"en-grappillant-journal-de-lecole-publique-de-garcons-de-la-mairie-4","status":"publish","type":"post","link":"https:\/\/amae.eu\/index.php\/2023\/01\/12\/en-grappillant-journal-de-lecole-publique-de-garcons-de-la-mairie-4\/","title":{"rendered":"\u00ab\u00a0En grappillant\u00a0\u00bb &#8211; Journal de l&rsquo;\u00e9cole publique de gar\u00e7ons de la mairie &#8211; 4 &#8211;"},"content":{"rendered":"\n<p>Bonsoir \u00e0 toutes et \u00e0 tous,<\/p>\n\n\n\n<p>Voici un texte \u00e9crit en 1949, par un \u00e9l\u00e8ve de M. G. GOBIN, instituteur \u00e0 Saint Jean de Braye : La plantation de la vigne<\/p>\n\n\n\n<p>Pendant les vacances de P\u00e2ques, j\u2019ai aid\u00e9 papa \u00e0 planter une vigne de Gris Meunier dans un champ pr\u00e8s de la maison.<\/p>\n\n\n\n<p>Apr\u00e8s avoir labour\u00e9 le terrain \u00e0 25cm de profondeur, nous l\u2019avons hers\u00e9 et roul\u00e9 pour le niveler et pour briser les mottes. Nous mesurons le champ dans le sens de la largeur et aux deux extr\u00e9mit\u00e9s, nous plantons un \u00e9chalas qui marque la t\u00eate d\u2019une \u00ab&nbsp;sill\u00e9e&nbsp;\u00bb&nbsp;: les sill\u00e9es sont espac\u00e9es de 1m20. Ensuite, avec un cordeau et un piochon, nous tra\u00e7ons de petits sillons droits, \u00e9gaux et parall\u00e8les sur lesquels les \u00e9chalas sont plant\u00e9s en quinconce \u00e0 1m20 les uns des autres.<\/p>\n\n\n\n<p>Ce travail termin\u00e9, avec une b\u00eache nous creusons, au pied des piquets, des trous de 25cm de profondeur. Avant de commencer \u00e0 planter, \u00e0 l\u2019aide d\u2019une serpette bien aiguis\u00e9e, nous tranchons de 8 \u00e0 10 cm de la tige, d\u2019une fa\u00e7on bien nette les racines pour que la reprise soit mieux assur\u00e9e. Puis nous taillons le petit sarment \u00e0 deux yeux au-dessus de la greffe. Pendant que je maintiens le plant bien droit, au milieu du trou, la greffe \u00e0 fleur du sol, papa \u00e9carte les racines et met un peu de terre qu\u2019il foule aux pieds. Il finit de reboucher le trou en laissant les yeux \u00e0 d\u00e9couvert.<\/p>\n\n\n\n<p>Nous avons mis cinq jours \u00e0 faire ce travail. Dans quelques ann\u00e9es, nous pourrons d\u00e9guster du bon Gris Meunier.<\/p>\n\n\n\n<p>D\u2019apr\u00e8s Michel Montant.<\/p>\n\n\n\n<p>Sources&nbsp;: En grappillant &#8211; revue mensuelle de la coop\u00e9rative scolaire &#8211; \u00c9cole publique de gar\u00e7ons de la mairie &#8211; St Jean de Braye &#8211; Loiret &#8211;<\/p>\n\n\n\n<p>3\u00e8me ann\u00e9e &#8211; num\u00e9ro 18 &#8211; Mai 1949.<\/p>\n\n\n\n<p>Excellente soir\u00e9e \u00e0 vous et \u00e0 demain.<\/p>\n\n\n\n<p><\/p>\n\n\n<div class=\"wp-block-image\">\n<figure class=\"aligncenter size-full\"><img fetchpriority=\"high\" decoding=\"async\" width=\"275\" height=\"183\" src=\"http:\/\/amae.eu\/wp-content\/uploads\/2023\/01\/plantation-dune-vigne.jpg\" alt=\"\" class=\"wp-image-6257\" \/><figcaption>Source : INTERNET<\/figcaption><\/figure><\/div>","protected":false},"excerpt":{"rendered":"<p>Bonsoir \u00e0 toutes et \u00e0 tous, Voici un texte \u00e9crit en 1949, par un \u00e9l\u00e8ve de M. G. GOBIN, instituteur \u00e0 Saint Jean de Braye : La plantation de la vigne Pendant les vacances de P\u00e2ques, j\u2019ai aid\u00e9 papa \u00e0 planter une vigne de Gris Meunier dans un champ pr\u00e8s de la maison. Apr\u00e8s avoir [&hellip;]<\/p>\n","protected":false},"author":2,"featured_media":0,"comment_status":"open","ping_status":"open","sticky":false,"template":"","format":"standard","meta":{"ngg_post_thumbnail":0,"footnotes":""},"categories":[11,14],"tags":[],"class_list":["post-6256","post","type-post","status-publish","format-standard","hentry","category-sjdb","category-quartiers","entry"],"_links":{"self":[{"href":"https:\/\/amae.eu\/index.php\/wp-json\/wp\/v2\/posts\/6256"}],"collection":[{"href":"https:\/\/amae.eu\/index.php\/wp-json\/wp\/v2\/posts"}],"about":[{"href":"https:\/\/amae.eu\/index.php\/wp-json\/wp\/v2\/types\/post"}],"author":[{"embeddable":true,"href":"https:\/\/amae.eu\/index.php\/wp-json\/wp\/v2\/users\/2"}],"replies":[{"embeddable":true,"href":"https:\/\/amae.eu\/index.php\/wp-json\/wp\/v2\/comments?post=6256"}],"version-history":[{"count":6,"href":"https:\/\/amae.eu\/index.php\/wp-json\/wp\/v2\/posts\/6256\/revisions"}],"predecessor-version":[{"id":6263,"href":"https:\/\/amae.eu\/index.php\/wp-json\/wp\/v2\/posts\/6256\/revisions\/6263"}],"wp:attachment":[{"href":"https:\/\/amae.eu\/index.php\/wp-json\/wp\/v2\/media?parent=6256"}],"wp:term":[{"taxonomy":"category","embeddable":true,"href":"https:\/\/amae.eu\/index.php\/wp-json\/wp\/v2\/categories?post=6256"},{"taxonomy":"post_tag","embeddable":true,"href":"https:\/\/amae.eu\/index.php\/wp-json\/wp\/v2\/tags?post=6256"}],"curies":[{"name":"wp","href":"https:\/\/api.w.org\/{rel}","templated":true}]}}