{"id":6627,"date":"2023-02-24T19:03:00","date_gmt":"2023-02-24T18:03:00","guid":{"rendered":"http:\/\/amae.eu\/?p=6627"},"modified":"2023-02-24T19:09:29","modified_gmt":"2023-02-24T18:09:29","slug":"hier-la-cantine-scolaire-aujourdhui-le-restaurant-scolaire","status":"publish","type":"post","link":"https:\/\/amae.eu\/index.php\/2023\/02\/24\/hier-la-cantine-scolaire-aujourdhui-le-restaurant-scolaire\/","title":{"rendered":"Hier, la cantine scolaire, aujourd&rsquo;hui, le restaurant scolaire &#8211; 3 &#8211;"},"content":{"rendered":"\n<p>Bonsoir \u00e0 toutes et \u00e0 tous,<\/p>\n\n\n\n<p>Les temps ont chang\u00e9 pour le bien \u00eatre de nos jeunes \u00e9coliers abraysiens&nbsp;: Hier, une cantine surcharg\u00e9e (photo 1) en 1964,<\/p>\n\n\n\n<p>aujourd\u2019hui un restaurant scolaire (photo 2) spacieux, lumineux, des tables de 4 ou 6 comme dans tous restaurants.<\/p>\n\n\n\n<p>Des plats bien pr\u00e9sent\u00e9s et une cuisine \u00e9quilibr\u00e9e sont propos\u00e9s.<\/p>\n\n\n\n<p>Une pause m\u00e9ridienne salutaire et b\u00e9n\u00e9fique pour ces enfants et leurs enseignants.<\/p>\n\n\n\n<p>Bonne soir\u00e9e \u00e0 vous.<\/p>\n\n\n\n<p>Photos&nbsp;: Ville de Saint Jean de Braye<\/p>\n\n\n\n<div class=\"wp-block-columns is-layout-flex wp-container-core-columns-is-layout-1 wp-block-columns-is-layout-flex\">\n<div class=\"wp-block-column is-layout-flow wp-block-column-is-layout-flow\"><div class=\"wp-block-image\">\n<figure class=\"aligncenter size-large\"><img fetchpriority=\"high\" decoding=\"async\" width=\"1024\" height=\"753\" src=\"http:\/\/amae.eu\/wp-content\/uploads\/2023\/02\/la-cantine-Jean-Zay-1-1024x753.jpg\" alt=\"\" class=\"wp-image-6628\" srcset=\"https:\/\/amae.eu\/wp-content\/uploads\/2023\/02\/la-cantine-Jean-Zay-1-1024x753.jpg 1024w, https:\/\/amae.eu\/wp-content\/uploads\/2023\/02\/la-cantine-Jean-Zay-1-300x221.jpg 300w, https:\/\/amae.eu\/wp-content\/uploads\/2023\/02\/la-cantine-Jean-Zay-1-768x565.jpg 768w, https:\/\/amae.eu\/wp-content\/uploads\/2023\/02\/la-cantine-Jean-Zay-1-1536x1129.jpg 1536w, https:\/\/amae.eu\/wp-content\/uploads\/2023\/02\/la-cantine-Jean-Zay-1.jpg 1632w\" sizes=\"(max-width: 1024px) 100vw, 1024px\" \/><figcaption>La cantine \u00e0 l&rsquo;\u00e9cole Jean Zay en 1964<\/figcaption><\/figure><\/div><\/div>\n\n\n\n<div class=\"wp-block-column is-layout-flow wp-block-column-is-layout-flow\"><div class=\"wp-block-image\">\n<figure class=\"aligncenter size-large\"><img decoding=\"async\" width=\"1024\" height=\"576\" src=\"http:\/\/amae.eu\/wp-content\/uploads\/2023\/02\/restaurant-scolaire-2023-ville-de-SJDB-1024x576.jpg\" alt=\"\" class=\"wp-image-6629\" srcset=\"https:\/\/amae.eu\/wp-content\/uploads\/2023\/02\/restaurant-scolaire-2023-ville-de-SJDB-1024x576.jpg 1024w, https:\/\/amae.eu\/wp-content\/uploads\/2023\/02\/restaurant-scolaire-2023-ville-de-SJDB-300x169.jpg 300w, https:\/\/amae.eu\/wp-content\/uploads\/2023\/02\/restaurant-scolaire-2023-ville-de-SJDB-768x432.jpg 768w, https:\/\/amae.eu\/wp-content\/uploads\/2023\/02\/restaurant-scolaire-2023-ville-de-SJDB-800x450.jpg 800w, https:\/\/amae.eu\/wp-content\/uploads\/2023\/02\/restaurant-scolaire-2023-ville-de-SJDB.jpg 1120w\" sizes=\"(max-width: 1024px) 100vw, 1024px\" \/><figcaption>Le restaurant scolaire en 2023<\/figcaption><\/figure><\/div><\/div>\n<\/div>\n","protected":false},"excerpt":{"rendered":"<p>Bonsoir \u00e0 toutes et \u00e0 tous, Les temps ont chang\u00e9 pour le bien \u00eatre de nos jeunes \u00e9coliers abraysiens&nbsp;: Hier, une cantine surcharg\u00e9e (photo 1) en 1964, aujourd\u2019hui un restaurant scolaire (photo 2) spacieux, lumineux, des tables de 4 ou 6 comme dans tous restaurants. Des plats bien pr\u00e9sent\u00e9s et une cuisine \u00e9quilibr\u00e9e sont propos\u00e9s. [&hellip;]<\/p>\n","protected":false},"author":2,"featured_media":0,"comment_status":"open","ping_status":"open","sticky":false,"template":"","format":"standard","meta":{"ngg_post_thumbnail":0,"footnotes":""},"categories":[27,11],"tags":[],"class_list":["post-6627","post","type-post","status-publish","format-standard","hentry","category-enseignement","category-sjdb","entry"],"_links":{"self":[{"href":"https:\/\/amae.eu\/index.php\/wp-json\/wp\/v2\/posts\/6627"}],"collection":[{"href":"https:\/\/amae.eu\/index.php\/wp-json\/wp\/v2\/posts"}],"about":[{"href":"https:\/\/amae.eu\/index.php\/wp-json\/wp\/v2\/types\/post"}],"author":[{"embeddable":true,"href":"https:\/\/amae.eu\/index.php\/wp-json\/wp\/v2\/users\/2"}],"replies":[{"embeddable":true,"href":"https:\/\/amae.eu\/index.php\/wp-json\/wp\/v2\/comments?post=6627"}],"version-history":[{"count":2,"href":"https:\/\/amae.eu\/index.php\/wp-json\/wp\/v2\/posts\/6627\/revisions"}],"predecessor-version":[{"id":6631,"href":"https:\/\/amae.eu\/index.php\/wp-json\/wp\/v2\/posts\/6627\/revisions\/6631"}],"wp:attachment":[{"href":"https:\/\/amae.eu\/index.php\/wp-json\/wp\/v2\/media?parent=6627"}],"wp:term":[{"taxonomy":"category","embeddable":true,"href":"https:\/\/amae.eu\/index.php\/wp-json\/wp\/v2\/categories?post=6627"},{"taxonomy":"post_tag","embeddable":true,"href":"https:\/\/amae.eu\/index.php\/wp-json\/wp\/v2\/tags?post=6627"}],"curies":[{"name":"wp","href":"https:\/\/api.w.org\/{rel}","templated":true}]}}