{"id":6688,"date":"2023-03-05T17:45:09","date_gmt":"2023-03-05T16:45:09","guid":{"rendered":"http:\/\/amae.eu\/?p=6688"},"modified":"2023-03-05T17:46:11","modified_gmt":"2023-03-05T16:46:11","slug":"les-oiseaux-en-hiver","status":"publish","type":"post","link":"https:\/\/amae.eu\/index.php\/2023\/03\/05\/les-oiseaux-en-hiver\/","title":{"rendered":"Les oiseaux en hiver"},"content":{"rendered":"\n<p>Bonsoir \u00e0 toutes et \u00e0 tous,<\/p>\n\n\n\n<p>Vous savez tous que l\u2019hiver est difficile pour les petits oiseaux, aussi, il est recommand\u00e9 de les aider \u00e0 passer cette p\u00e9riode en&nbsp;:<\/p>\n\n\n\n<p>&#8211; posant des nichoirs dans votre jardin ou sur votre balcon afin qu\u2019ils puissent s\u2019abriter<\/p>\n\n\n\n<p>&#8211; installant des mangeoires avec graines de tournesol ou boules de graisse<\/p>\n\n\n\n<p>&#8211; veillant \u00e0 leur mettre de l\u2019eau dans un petit r\u00e9cipient \u00e0 proximit\u00e9<\/p>\n\n\n\n<p>En 1947, Marc Petit, \u00e9l\u00e8ve de la classe de M. Gobin, avait \u00e9crit ce texte qui illustre bien les difficult\u00e9s rencontr\u00e9es par&nbsp;: Les oiseaux en hiver<\/p>\n\n\n\n<p>Les oiseaux ne sont plus rois.<\/p>\n\n\n\n<p>Dans les buissons, transis par le froid,<\/p>\n\n\n\n<p>Ils \u00e9bouriffent leurs plumes&nbsp;;<\/p>\n\n\n\n<p>Ils bravent ainsi les flocons<\/p>\n\n\n\n<p>Qui recouvrent la terre brune<\/p>\n\n\n\n<p>D\u2019une blanche toison.<\/p>\n\n\n\n<p>Voletant dans le poulailler,<\/p>\n\n\n\n<p>Ils picorent les graines oubli\u00e9es.<\/p>\n\n\n\n<p>Puis, sur une poutre blottis,<\/p>\n\n\n\n<p>Ils passent toute la nuit.<\/p>\n\n\n\n<p>Texte de Marc Petit (14 ans)<\/p>\n\n\n\n<p>Sources&nbsp;: En grappillant &#8211; revue mensuelle de la coop\u00e9rative scolaire &#8211; \u00c9cole publique de gar\u00e7ons de la mairie &#8211; St Jean de Braye &#8211; Loiret &#8211;<\/p>\n\n\n\n<p>2\u00e8me ann\u00e9e &#8211; num\u00e9ro 2 \u2013 Novembre 1947<\/p>\n\n\n\n<p> Bonne soir\u00e9e et \u00e0 demain.<\/p>\n\n\n<div class=\"wp-block-image\">\n<figure class=\"aligncenter size-full is-resized\"><img fetchpriority=\"high\" decoding=\"async\" src=\"http:\/\/amae.eu\/wp-content\/uploads\/2023\/03\/oiseau-dans-la-neige.jpg\" alt=\"\" class=\"wp-image-6689\" width=\"500\" height=\"375\" srcset=\"https:\/\/amae.eu\/wp-content\/uploads\/2023\/03\/oiseau-dans-la-neige.jpg 1000w, https:\/\/amae.eu\/wp-content\/uploads\/2023\/03\/oiseau-dans-la-neige-300x225.jpg 300w, https:\/\/amae.eu\/wp-content\/uploads\/2023\/03\/oiseau-dans-la-neige-768x575.jpg 768w\" sizes=\"(max-width: 500px) 100vw, 500px\" \/><figcaption>Rouge gorge en hiver<\/figcaption><\/figure><\/div>","protected":false},"excerpt":{"rendered":"<p>Bonsoir \u00e0 toutes et \u00e0 tous, Vous savez tous que l\u2019hiver est difficile pour les petits oiseaux, aussi, il est recommand\u00e9 de les aider \u00e0 passer cette p\u00e9riode en&nbsp;: &#8211; posant des nichoirs dans votre jardin ou sur votre balcon afin qu\u2019ils puissent s\u2019abriter &#8211; installant des mangeoires avec graines de tournesol ou boules de [&hellip;]<\/p>\n","protected":false},"author":2,"featured_media":0,"comment_status":"open","ping_status":"open","sticky":false,"template":"","format":"standard","meta":{"ngg_post_thumbnail":0,"footnotes":""},"categories":[27,11,14],"tags":[],"class_list":["post-6688","post","type-post","status-publish","format-standard","hentry","category-enseignement","category-sjdb","category-quartiers","entry"],"_links":{"self":[{"href":"https:\/\/amae.eu\/index.php\/wp-json\/wp\/v2\/posts\/6688"}],"collection":[{"href":"https:\/\/amae.eu\/index.php\/wp-json\/wp\/v2\/posts"}],"about":[{"href":"https:\/\/amae.eu\/index.php\/wp-json\/wp\/v2\/types\/post"}],"author":[{"embeddable":true,"href":"https:\/\/amae.eu\/index.php\/wp-json\/wp\/v2\/users\/2"}],"replies":[{"embeddable":true,"href":"https:\/\/amae.eu\/index.php\/wp-json\/wp\/v2\/comments?post=6688"}],"version-history":[{"count":2,"href":"https:\/\/amae.eu\/index.php\/wp-json\/wp\/v2\/posts\/6688\/revisions"}],"predecessor-version":[{"id":6692,"href":"https:\/\/amae.eu\/index.php\/wp-json\/wp\/v2\/posts\/6688\/revisions\/6692"}],"wp:attachment":[{"href":"https:\/\/amae.eu\/index.php\/wp-json\/wp\/v2\/media?parent=6688"}],"wp:term":[{"taxonomy":"category","embeddable":true,"href":"https:\/\/amae.eu\/index.php\/wp-json\/wp\/v2\/categories?post=6688"},{"taxonomy":"post_tag","embeddable":true,"href":"https:\/\/amae.eu\/index.php\/wp-json\/wp\/v2\/tags?post=6688"}],"curies":[{"name":"wp","href":"https:\/\/api.w.org\/{rel}","templated":true}]}}