{"id":7113,"date":"2023-03-28T18:00:00","date_gmt":"2023-03-28T16:00:00","guid":{"rendered":"http:\/\/amae.eu\/?p=7113"},"modified":"2023-03-27T17:59:35","modified_gmt":"2023-03-27T15:59:35","slug":"la-cavalcade-de-1906-2","status":"publish","type":"post","link":"https:\/\/amae.eu\/index.php\/2023\/03\/28\/la-cavalcade-de-1906-2\/","title":{"rendered":"La cavalcade de 1906 &#8211; 2 &#8211;"},"content":{"rendered":"\n<p>Bonsoir \u00e0 toutes et \u00e0 tous,<\/p>\n\n\n\n<p>La cavalcade du 25 mars se d\u00e9roula avec un temps cl\u00e9ment, et le Journal du Loiret rendit compte de la manifestation d\u00e8s le lendemain, dans son \u00e9dition du lundi 26 mars 1906&nbsp;:<\/p>\n\n\n\n<p>La cavalcade de Saint Jean de Braye, organis\u00e9e par Messieurs Jacques Ligneau et Joubert a obtenu un plein succ\u00e8s. Il y a eu, sur tout le parcours, grande affluence et beaucoup d\u2019entrain et de gaiet\u00e9.<\/p>\n\n\n\n<p>Le cort\u00e8ge a suivi l\u2019itin\u00e9raire que nous avons indiqu\u00e9. Nombreux \u00e9taient les chars, nombreux aussi les cavaliers, cyclistes, mousquetaires et travestis, le d\u00e9fil\u00e9 fut pittoresque.<\/p>\n\n\n\n<p>A noter&nbsp;:<\/p>\n\n\n\n<p>La voiturette de la vivandi\u00e8re, la voiturette Pompadour, le char de la Reine, le char de la Loire Navigable, etc.\u2026.<\/p>\n\n\n\n<p>Le temps avait bien voulu se mettre de la partie. Ce fut tant mieux&nbsp;!<\/p>\n\n\n\n<p>Un banquet suivi d\u2019un bal a termin\u00e9 la f\u00eate. Plusieurs individus qui causaient du scandale au passage de la cavalcade ont \u00e9t\u00e9 arr\u00eat\u00e9s par la gendarmerie.<\/p>\n\n\n\n<p>Excellente soir\u00e9e \u00e0 vous,<\/p>\n\n\n\n<p>et \u00e0 demain.<\/p>\n\n\n\n<p>CPA provenant de la collection de G. Creusillet &#8211; le char de la Loire Navigable<\/p>\n\n\n\n<p>Sources\u00a0: Journal du Loiret<\/p>\n\n\n\n<div class=\"wp-block-columns is-layout-flex wp-container-core-columns-is-layout-1 wp-block-columns-is-layout-flex\">\n<div class=\"wp-block-column is-layout-flow wp-block-column-is-layout-flow\"><div class=\"wp-block-image\">\n<figure class=\"aligncenter size-large\"><img fetchpriority=\"high\" decoding=\"async\" width=\"1024\" height=\"659\" src=\"http:\/\/amae.eu\/wp-content\/uploads\/2023\/03\/Char-de-la-Loire-Naviguable-CP-H-3-1024x659.jpg\" alt=\"\" class=\"wp-image-7114\" srcset=\"https:\/\/amae.eu\/wp-content\/uploads\/2023\/03\/Char-de-la-Loire-Naviguable-CP-H-3-1024x659.jpg 1024w, https:\/\/amae.eu\/wp-content\/uploads\/2023\/03\/Char-de-la-Loire-Naviguable-CP-H-3-300x193.jpg 300w, https:\/\/amae.eu\/wp-content\/uploads\/2023\/03\/Char-de-la-Loire-Naviguable-CP-H-3-768x495.jpg 768w, https:\/\/amae.eu\/wp-content\/uploads\/2023\/03\/Char-de-la-Loire-Naviguable-CP-H-3-1536x989.jpg 1536w, https:\/\/amae.eu\/wp-content\/uploads\/2023\/03\/Char-de-la-Loire-Naviguable-CP-H-3.jpg 1668w\" sizes=\"(max-width: 1024px) 100vw, 1024px\" \/><figcaption>le char de la Loire Navigable<\/figcaption><\/figure><\/div><\/div>\n\n\n\n<div class=\"wp-block-column is-layout-flow wp-block-column-is-layout-flow\"><div class=\"wp-block-image\">\n<figure class=\"aligncenter size-large\"><img decoding=\"async\" width=\"1024\" height=\"663\" src=\"http:\/\/amae.eu\/wp-content\/uploads\/2023\/03\/Char-aves-des-Tonneaux-CP-H-1-1024x663.jpg\" alt=\"\" class=\"wp-image-7115\" srcset=\"https:\/\/amae.eu\/wp-content\/uploads\/2023\/03\/Char-aves-des-Tonneaux-CP-H-1-1024x663.jpg 1024w, https:\/\/amae.eu\/wp-content\/uploads\/2023\/03\/Char-aves-des-Tonneaux-CP-H-1-300x194.jpg 300w, https:\/\/amae.eu\/wp-content\/uploads\/2023\/03\/Char-aves-des-Tonneaux-CP-H-1-768x497.jpg 768w, https:\/\/amae.eu\/wp-content\/uploads\/2023\/03\/Char-aves-des-Tonneaux-CP-H-1-1536x994.jpg 1536w, https:\/\/amae.eu\/wp-content\/uploads\/2023\/03\/Char-aves-des-Tonneaux-CP-H-1.jpg 1659w\" sizes=\"(max-width: 1024px) 100vw, 1024px\" \/><figcaption>Char avec des tonneaux<\/figcaption><\/figure><\/div><\/div>\n<\/div>\n","protected":false},"excerpt":{"rendered":"<p>Bonsoir \u00e0 toutes et \u00e0 tous, La cavalcade du 25 mars se d\u00e9roula avec un temps cl\u00e9ment, et le Journal du Loiret rendit compte de la manifestation d\u00e8s le lendemain, dans son \u00e9dition du lundi 26 mars 1906&nbsp;: La cavalcade de Saint Jean de Braye, organis\u00e9e par Messieurs Jacques Ligneau et Joubert a obtenu un [&hellip;]<\/p>\n","protected":false},"author":2,"featured_media":0,"comment_status":"open","ping_status":"open","sticky":false,"template":"","format":"standard","meta":{"ngg_post_thumbnail":0,"footnotes":""},"categories":[24,11,14],"tags":[],"class_list":["post-7113","post","type-post","status-publish","format-standard","hentry","category-fetes","category-sjdb","category-quartiers","entry"],"_links":{"self":[{"href":"https:\/\/amae.eu\/index.php\/wp-json\/wp\/v2\/posts\/7113"}],"collection":[{"href":"https:\/\/amae.eu\/index.php\/wp-json\/wp\/v2\/posts"}],"about":[{"href":"https:\/\/amae.eu\/index.php\/wp-json\/wp\/v2\/types\/post"}],"author":[{"embeddable":true,"href":"https:\/\/amae.eu\/index.php\/wp-json\/wp\/v2\/users\/2"}],"replies":[{"embeddable":true,"href":"https:\/\/amae.eu\/index.php\/wp-json\/wp\/v2\/comments?post=7113"}],"version-history":[{"count":1,"href":"https:\/\/amae.eu\/index.php\/wp-json\/wp\/v2\/posts\/7113\/revisions"}],"predecessor-version":[{"id":7116,"href":"https:\/\/amae.eu\/index.php\/wp-json\/wp\/v2\/posts\/7113\/revisions\/7116"}],"wp:attachment":[{"href":"https:\/\/amae.eu\/index.php\/wp-json\/wp\/v2\/media?parent=7113"}],"wp:term":[{"taxonomy":"category","embeddable":true,"href":"https:\/\/amae.eu\/index.php\/wp-json\/wp\/v2\/categories?post=7113"},{"taxonomy":"post_tag","embeddable":true,"href":"https:\/\/amae.eu\/index.php\/wp-json\/wp\/v2\/tags?post=7113"}],"curies":[{"name":"wp","href":"https:\/\/api.w.org\/{rel}","templated":true}]}}