{"id":8271,"date":"2023-09-14T22:33:00","date_gmt":"2023-09-14T20:33:00","guid":{"rendered":"http:\/\/amae.eu\/?p=8271"},"modified":"2023-09-15T14:39:20","modified_gmt":"2023-09-15T12:39:20","slug":"les-journees-du-patrimoine-2023-dans-la-republique-du-centre-de-ce-jour","status":"publish","type":"post","link":"https:\/\/amae.eu\/index.php\/2023\/09\/14\/les-journees-du-patrimoine-2023-dans-la-republique-du-centre-de-ce-jour\/","title":{"rendered":"Les Journ\u00e9es du patrimoine 2023 dans la R\u00e9publique du Centre de ce jour"},"content":{"rendered":"\n<p>Bonsoir,<\/p>\n\n\n\n<p>Les Journ\u00e9es du patrimoine de septembre 2023, on vous en parle depuis quelques jours,<\/p>\n\n\n\n<p>la ville en parle \u00e9galement sur son site Internet et sur sa page Facebook,<\/p>\n\n\n\n<p>et m\u00eame la R\u00e9publique du Centre en parle dans son \u00e9dition de ce jour.<\/p>\n\n\n\n<p><a><\/a>Alors en fait ! tout le monde en parle !<\/p>\n\n\n\n<p>N&rsquo;h\u00e9sitez pas, venez donc passer un bon moment avec nous dimanche matin, pas besoin d&rsquo;aller tr\u00e8s loin pour vous faire plaisir et faire de belles d\u00e9couvertes !<\/p>\n\n\n\n<p>Venez nombreux !<\/p>\n\n\n\n<p>Article de la R\u00e9publique du Centre de ce jour 14\/09\/2022<\/p>\n\n\n\n<p>Photo 1 : L&rsquo;entr\u00e9e principale d&rsquo;IBM avec son auvent embl\u00e9matique &#8211; (Photo IBM)<\/p>\n\n\n\n<p>Photo 2 : Le ch\u00e2teau de Bionne (collection G. Creusillet)<\/p>\n\n\n\n<p>Photo 3 : Le hameau partag\u00e9 (site internet du hameau partag\u00e9)<\/p>\n\n\n\n<p>Excellente soir\u00e9e \u00e0 vous,<\/p>\n\n\n\n<p>et \u00e0 demain.<\/p>\n\n\n<div class=\"wp-block-image\">\n<figure class=\"aligncenter size-large is-resized\"><img fetchpriority=\"high\" decoding=\"async\" src=\"http:\/\/amae.eu\/wp-content\/uploads\/2023\/09\/La-REP-du-14-sept.-2023-534x1024.jpg\" alt=\"\" class=\"wp-image-8272\" width=\"267\" height=\"512\" srcset=\"https:\/\/amae.eu\/wp-content\/uploads\/2023\/09\/La-REP-du-14-sept.-2023-534x1024.jpg 534w, https:\/\/amae.eu\/wp-content\/uploads\/2023\/09\/La-REP-du-14-sept.-2023-156x300.jpg 156w, https:\/\/amae.eu\/wp-content\/uploads\/2023\/09\/La-REP-du-14-sept.-2023-768x1474.jpg 768w, https:\/\/amae.eu\/wp-content\/uploads\/2023\/09\/La-REP-du-14-sept.-2023-800x1536.jpg 800w, https:\/\/amae.eu\/wp-content\/uploads\/2023\/09\/La-REP-du-14-sept.-2023.jpg 992w\" sizes=\"(max-width: 267px) 100vw, 267px\" \/><\/figure><\/div>\n\n\n<div class=\"wp-block-columns is-layout-flex wp-container-core-columns-is-layout-1 wp-block-columns-is-layout-flex\">\n<div class=\"wp-block-column is-layout-flow wp-block-column-is-layout-flow\"><div class=\"wp-block-image\">\n<figure class=\"aligncenter size-full\"><img decoding=\"async\" width=\"720\" height=\"479\" src=\"http:\/\/amae.eu\/wp-content\/uploads\/2023\/09\/IBM-1.jpg\" alt=\"\" class=\"wp-image-8273\" srcset=\"https:\/\/amae.eu\/wp-content\/uploads\/2023\/09\/IBM-1.jpg 720w, https:\/\/amae.eu\/wp-content\/uploads\/2023\/09\/IBM-1-300x200.jpg 300w\" sizes=\"(max-width: 720px) 100vw, 720px\" \/><\/figure><\/div><\/div>\n\n\n\n<div class=\"wp-block-column is-layout-flow wp-block-column-is-layout-flow\"><div class=\"wp-block-image\">\n<figure class=\"aligncenter size-full\"><img decoding=\"async\" width=\"813\" height=\"520\" src=\"http:\/\/amae.eu\/wp-content\/uploads\/2023\/09\/chateau-de-bionne.jpg\" alt=\"\" class=\"wp-image-8274\" srcset=\"https:\/\/amae.eu\/wp-content\/uploads\/2023\/09\/chateau-de-bionne.jpg 813w, https:\/\/amae.eu\/wp-content\/uploads\/2023\/09\/chateau-de-bionne-300x192.jpg 300w, https:\/\/amae.eu\/wp-content\/uploads\/2023\/09\/chateau-de-bionne-768x491.jpg 768w\" sizes=\"(max-width: 813px) 100vw, 813px\" \/><\/figure><\/div><\/div>\n\n\n\n<div class=\"wp-block-column is-layout-flow wp-block-column-is-layout-flow\"><div class=\"wp-block-image\">\n<figure class=\"aligncenter size-full\"><img loading=\"lazy\" decoding=\"async\" width=\"584\" height=\"438\" src=\"http:\/\/amae.eu\/wp-content\/uploads\/2023\/09\/le-hameau-partage-2.webp\" alt=\"\" class=\"wp-image-8275\" srcset=\"https:\/\/amae.eu\/wp-content\/uploads\/2023\/09\/le-hameau-partage-2.webp 584w, https:\/\/amae.eu\/wp-content\/uploads\/2023\/09\/le-hameau-partage-2-300x225.webp 300w\" sizes=\"(max-width: 584px) 100vw, 584px\" \/><\/figure><\/div><\/div>\n<\/div>\n","protected":false},"excerpt":{"rendered":"<p>Bonsoir, Les Journ\u00e9es du patrimoine de septembre 2023, on vous en parle depuis quelques jours, la ville en parle \u00e9galement sur son site Internet et sur sa page Facebook, et m\u00eame la R\u00e9publique du Centre en parle dans son \u00e9dition de ce jour. Alors en fait ! tout le monde en parle ! N&rsquo;h\u00e9sitez pas, [&hellip;]<\/p>\n","protected":false},"author":2,"featured_media":0,"comment_status":"open","ping_status":"open","sticky":false,"template":"","format":"standard","meta":{"ngg_post_thumbnail":0,"footnotes":""},"categories":[15,11],"tags":[],"class_list":["post-8271","post","type-post","status-publish","format-standard","hentry","category-actualites-du-groupe","category-sjdb","entry"],"_links":{"self":[{"href":"https:\/\/amae.eu\/index.php\/wp-json\/wp\/v2\/posts\/8271"}],"collection":[{"href":"https:\/\/amae.eu\/index.php\/wp-json\/wp\/v2\/posts"}],"about":[{"href":"https:\/\/amae.eu\/index.php\/wp-json\/wp\/v2\/types\/post"}],"author":[{"embeddable":true,"href":"https:\/\/amae.eu\/index.php\/wp-json\/wp\/v2\/users\/2"}],"replies":[{"embeddable":true,"href":"https:\/\/amae.eu\/index.php\/wp-json\/wp\/v2\/comments?post=8271"}],"version-history":[{"count":1,"href":"https:\/\/amae.eu\/index.php\/wp-json\/wp\/v2\/posts\/8271\/revisions"}],"predecessor-version":[{"id":8276,"href":"https:\/\/amae.eu\/index.php\/wp-json\/wp\/v2\/posts\/8271\/revisions\/8276"}],"wp:attachment":[{"href":"https:\/\/amae.eu\/index.php\/wp-json\/wp\/v2\/media?parent=8271"}],"wp:term":[{"taxonomy":"category","embeddable":true,"href":"https:\/\/amae.eu\/index.php\/wp-json\/wp\/v2\/categories?post=8271"},{"taxonomy":"post_tag","embeddable":true,"href":"https:\/\/amae.eu\/index.php\/wp-json\/wp\/v2\/tags?post=8271"}],"curies":[{"name":"wp","href":"https:\/\/api.w.org\/{rel}","templated":true}]}}