{"id":8439,"date":"2023-11-22T10:27:00","date_gmt":"2023-11-22T09:27:00","guid":{"rendered":"http:\/\/amae.eu\/?p=8439"},"modified":"2023-11-23T21:59:45","modified_gmt":"2023-11-23T20:59:45","slug":"diaporama-st-jean-de-braye-des-clos-aux-quartiers-dans-la-presse-locale","status":"publish","type":"post","link":"https:\/\/amae.eu\/index.php\/2023\/11\/22\/diaporama-st-jean-de-braye-des-clos-aux-quartiers-dans-la-presse-locale\/","title":{"rendered":"Diaporama \u00ab\u00a0St Jean de Braye, des Clos aux Quartiers\u00a0\u00bb dans la presse locale"},"content":{"rendered":"\n<p>Bonjour,<\/p>\n\n\n\n<p>Suite au diaporama du samedi 18\/11\/2023, intitul\u00e9 \u00ab\u00a0St Jean de Braye, des clos aux quartiers\u00a0\u00bb,<\/p>\n\n\n\n<p>un bel article dans l&rsquo;\u00e9dition de la R\u00e9publique du Centre de ce jour.<\/p>\n\n\n\n<p>Merci !<\/p>\n\n\n\n<p>Bon <a><\/a>apr\u00e8s-midi et \u00e0 ce soir.<\/p>\n\n\n\n<figure class=\"wp-block-image size-full\"><img fetchpriority=\"high\" decoding=\"async\" width=\"817\" height=\"523\" src=\"http:\/\/amae.eu\/wp-content\/uploads\/2023\/11\/Diaporama-SJDB-des-clos-aux-quartiers-.png\" alt=\"\" class=\"wp-image-8440\" srcset=\"https:\/\/amae.eu\/wp-content\/uploads\/2023\/11\/Diaporama-SJDB-des-clos-aux-quartiers-.png 817w, https:\/\/amae.eu\/wp-content\/uploads\/2023\/11\/Diaporama-SJDB-des-clos-aux-quartiers--300x192.png 300w, https:\/\/amae.eu\/wp-content\/uploads\/2023\/11\/Diaporama-SJDB-des-clos-aux-quartiers--768x492.png 768w\" sizes=\"(max-width: 817px) 100vw, 817px\" \/><\/figure>\n","protected":false},"excerpt":{"rendered":"<p>Bonjour, Suite au diaporama du samedi 18\/11\/2023, intitul\u00e9 \u00ab\u00a0St Jean de Braye, des clos aux quartiers\u00a0\u00bb, un bel article dans l&rsquo;\u00e9dition de la R\u00e9publique du Centre de ce jour. Merci ! Bon apr\u00e8s-midi et \u00e0 ce soir.<\/p>\n","protected":false},"author":2,"featured_media":0,"comment_status":"open","ping_status":"open","sticky":false,"template":"","format":"standard","meta":{"ngg_post_thumbnail":0,"footnotes":""},"categories":[15,11],"tags":[],"class_list":["post-8439","post","type-post","status-publish","format-standard","hentry","category-actualites-du-groupe","category-sjdb","entry"],"_links":{"self":[{"href":"https:\/\/amae.eu\/index.php\/wp-json\/wp\/v2\/posts\/8439"}],"collection":[{"href":"https:\/\/amae.eu\/index.php\/wp-json\/wp\/v2\/posts"}],"about":[{"href":"https:\/\/amae.eu\/index.php\/wp-json\/wp\/v2\/types\/post"}],"author":[{"embeddable":true,"href":"https:\/\/amae.eu\/index.php\/wp-json\/wp\/v2\/users\/2"}],"replies":[{"embeddable":true,"href":"https:\/\/amae.eu\/index.php\/wp-json\/wp\/v2\/comments?post=8439"}],"version-history":[{"count":1,"href":"https:\/\/amae.eu\/index.php\/wp-json\/wp\/v2\/posts\/8439\/revisions"}],"predecessor-version":[{"id":8441,"href":"https:\/\/amae.eu\/index.php\/wp-json\/wp\/v2\/posts\/8439\/revisions\/8441"}],"wp:attachment":[{"href":"https:\/\/amae.eu\/index.php\/wp-json\/wp\/v2\/media?parent=8439"}],"wp:term":[{"taxonomy":"category","embeddable":true,"href":"https:\/\/amae.eu\/index.php\/wp-json\/wp\/v2\/categories?post=8439"},{"taxonomy":"post_tag","embeddable":true,"href":"https:\/\/amae.eu\/index.php\/wp-json\/wp\/v2\/tags?post=8439"}],"curies":[{"name":"wp","href":"https:\/\/api.w.org\/{rel}","templated":true}]}}