{"id":8728,"date":"2024-04-15T16:00:35","date_gmt":"2024-04-15T14:00:35","guid":{"rendered":"http:\/\/amae.eu\/?p=8728"},"modified":"2024-04-20T16:16:10","modified_gmt":"2024-04-20T14:16:10","slug":"de-bionne-a-lorbette","status":"publish","type":"post","link":"https:\/\/amae.eu\/index.php\/2024\/04\/15\/de-bionne-a-lorbette\/","title":{"rendered":"\u00ab\u00a0De Bionne \u00e0 l&rsquo;Orbette \u00ab\u00a0"},"content":{"rendered":"\n<p>Diaporama comment\u00e9,  pr\u00e9sent\u00e9 \u00e0 l&rsquo;Argonaute le mardi 9 avril 2024 \u00e0 19 heures devant une cinquantaine de personnes : adh\u00e9rents d&rsquo;AMAE, membres du groupe \u00ab\u00a0M\u00e9moire et Patrimoine\u00a0\u00bb, Orl\u00e9anais et Abraysiens int\u00e9ress\u00e9s.<\/p>\n\n\n<div class=\"wp-block-image\">\n<figure class=\"aligncenter size-full\"><img fetchpriority=\"high\" decoding=\"async\" width=\"1024\" height=\"816\" src=\"http:\/\/amae.eu\/wp-content\/uploads\/2024\/04\/DE-Bionne-a-lOrbette-2.png\" alt=\"\" class=\"wp-image-8729\" srcset=\"https:\/\/amae.eu\/wp-content\/uploads\/2024\/04\/DE-Bionne-a-lOrbette-2.png 1024w, https:\/\/amae.eu\/wp-content\/uploads\/2024\/04\/DE-Bionne-a-lOrbette-2-300x239.png 300w, https:\/\/amae.eu\/wp-content\/uploads\/2024\/04\/DE-Bionne-a-lOrbette-2-768x612.png 768w\" sizes=\"(max-width: 1024px) 100vw, 1024px\" \/><\/figure><\/div>\n\n<div class=\"wp-block-image\">\n<figure class=\"aligncenter size-large\"><img decoding=\"async\" width=\"636\" height=\"1024\" src=\"http:\/\/amae.eu\/wp-content\/uploads\/2024\/04\/De-Bionne-a-lOrbette-1-636x1024.jpg\" alt=\"\" class=\"wp-image-8730\" srcset=\"https:\/\/amae.eu\/wp-content\/uploads\/2024\/04\/De-Bionne-a-lOrbette-1-636x1024.jpg 636w, https:\/\/amae.eu\/wp-content\/uploads\/2024\/04\/De-Bionne-a-lOrbette-1-186x300.jpg 186w, https:\/\/amae.eu\/wp-content\/uploads\/2024\/04\/De-Bionne-a-lOrbette-1-768x1237.jpg 768w, https:\/\/amae.eu\/wp-content\/uploads\/2024\/04\/De-Bionne-a-lOrbette-1-953x1536.jpg 953w, https:\/\/amae.eu\/wp-content\/uploads\/2024\/04\/De-Bionne-a-lOrbette-1.jpg 1185w\" sizes=\"(max-width: 636px) 100vw, 636px\" \/><\/figure><\/div>\n\n<div class=\"wp-block-image\">\n<figure class=\"aligncenter size-large\"><img decoding=\"async\" width=\"768\" height=\"1024\" src=\"http:\/\/amae.eu\/wp-content\/uploads\/2024\/04\/la-rep-du-3-avril-2024-2-768x1024.jpg\" alt=\"\" class=\"wp-image-8731\" srcset=\"https:\/\/amae.eu\/wp-content\/uploads\/2024\/04\/la-rep-du-3-avril-2024-2-768x1024.jpg 768w, https:\/\/amae.eu\/wp-content\/uploads\/2024\/04\/la-rep-du-3-avril-2024-2-225x300.jpg 225w, https:\/\/amae.eu\/wp-content\/uploads\/2024\/04\/la-rep-du-3-avril-2024-2-1152x1536.jpg 1152w, https:\/\/amae.eu\/wp-content\/uploads\/2024\/04\/la-rep-du-3-avril-2024-2.jpg 1512w\" sizes=\"(max-width: 768px) 100vw, 768px\" \/><\/figure><\/div>\n\n<div class=\"wp-block-image\">\n<figure class=\"aligncenter size-full\"><img loading=\"lazy\" decoding=\"async\" width=\"584\" height=\"438\" src=\"http:\/\/amae.eu\/wp-content\/uploads\/2024\/04\/de-Bionne-a-lOrbette.webp\" alt=\"\" class=\"wp-image-8732\" srcset=\"https:\/\/amae.eu\/wp-content\/uploads\/2024\/04\/de-Bionne-a-lOrbette.webp 584w, https:\/\/amae.eu\/wp-content\/uploads\/2024\/04\/de-Bionne-a-lOrbette-300x225.webp 300w\" sizes=\"(max-width: 584px) 100vw, 584px\" \/><\/figure><\/div>\n\n<div class=\"wp-block-image\">\n<figure class=\"aligncenter size-full is-resized\"><img loading=\"lazy\" decoding=\"async\" width=\"466\" height=\"924\" src=\"http:\/\/amae.eu\/wp-content\/uploads\/2024\/04\/De-Bionne-a-lOrbette.png\" alt=\"\" class=\"wp-image-8734\" style=\"width:466px;height:auto\" srcset=\"https:\/\/amae.eu\/wp-content\/uploads\/2024\/04\/De-Bionne-a-lOrbette.png 466w, https:\/\/amae.eu\/wp-content\/uploads\/2024\/04\/De-Bionne-a-lOrbette-151x300.png 151w\" sizes=\"(max-width: 466px) 100vw, 466px\" \/><\/figure><\/div>","protected":false},"excerpt":{"rendered":"<p>Diaporama comment\u00e9, pr\u00e9sent\u00e9 \u00e0 l&rsquo;Argonaute le mardi 9 avril 2024 \u00e0 19 heures devant une cinquantaine de personnes : adh\u00e9rents d&rsquo;AMAE, membres du groupe \u00ab\u00a0M\u00e9moire et Patrimoine\u00a0\u00bb, Orl\u00e9anais et Abraysiens int\u00e9ress\u00e9s.<\/p>\n","protected":false},"author":2,"featured_media":0,"comment_status":"open","ping_status":"open","sticky":false,"template":"","format":"standard","meta":{"ngg_post_thumbnail":0,"footnotes":""},"categories":[15,11],"tags":[],"class_list":["post-8728","post","type-post","status-publish","format-standard","hentry","category-actualites-du-groupe","category-sjdb","entry"],"_links":{"self":[{"href":"https:\/\/amae.eu\/index.php\/wp-json\/wp\/v2\/posts\/8728"}],"collection":[{"href":"https:\/\/amae.eu\/index.php\/wp-json\/wp\/v2\/posts"}],"about":[{"href":"https:\/\/amae.eu\/index.php\/wp-json\/wp\/v2\/types\/post"}],"author":[{"embeddable":true,"href":"https:\/\/amae.eu\/index.php\/wp-json\/wp\/v2\/users\/2"}],"replies":[{"embeddable":true,"href":"https:\/\/amae.eu\/index.php\/wp-json\/wp\/v2\/comments?post=8728"}],"version-history":[{"count":3,"href":"https:\/\/amae.eu\/index.php\/wp-json\/wp\/v2\/posts\/8728\/revisions"}],"predecessor-version":[{"id":8736,"href":"https:\/\/amae.eu\/index.php\/wp-json\/wp\/v2\/posts\/8728\/revisions\/8736"}],"wp:attachment":[{"href":"https:\/\/amae.eu\/index.php\/wp-json\/wp\/v2\/media?parent=8728"}],"wp:term":[{"taxonomy":"category","embeddable":true,"href":"https:\/\/amae.eu\/index.php\/wp-json\/wp\/v2\/categories?post=8728"},{"taxonomy":"post_tag","embeddable":true,"href":"https:\/\/amae.eu\/index.php\/wp-json\/wp\/v2\/tags?post=8728"}],"curies":[{"name":"wp","href":"https:\/\/api.w.org\/{rel}","templated":true}]}}