{"id":9173,"date":"2024-11-15T10:18:40","date_gmt":"2024-11-15T09:18:40","guid":{"rendered":"http:\/\/amae.eu\/?p=9173"},"modified":"2024-11-16T10:24:45","modified_gmt":"2024-11-16T09:24:45","slug":"noces-dalbatre-pour-madeleine-et-pierre-citoyens-dhonneur-de-la-ville-de-saint-jean-de-braye","status":"publish","type":"post","link":"https:\/\/amae.eu\/index.php\/2024\/11\/15\/noces-dalbatre-pour-madeleine-et-pierre-citoyens-dhonneur-de-la-ville-de-saint-jean-de-braye\/","title":{"rendered":"Noces d&rsquo;alb\u00e2tre pour Madeleine et Pierre, citoyens d&rsquo;honneur de la ville de Saint Jean de Braye."},"content":{"rendered":"\n<p>Bonjour \u00e0 toutes et \u00e0 tous,<\/p>\n\n\n\n<p>Citoyens d&rsquo;honneur de la ville de Saint Jean de Braye,<\/p>\n\n\n\n<p>Madeleine et Pierre VILLE ont f\u00eat\u00e9 leurs noces d&rsquo;alb\u00e2tre (75 ans) au restaurant le Saint Christophe, entour\u00e9s de leurs proches.<\/p>\n\n\n\n<p>Sources : La r\u00e9publique du centre du 15 novembre 2024 &#8211; Merci \u00e0 Chantal Sarradin, correspondante locale et f\u00e9licitations aux \u00e9poux.<\/p>\n\n\n<div class=\"wp-block-image\">\n<figure class=\"aligncenter size-full\"><img fetchpriority=\"high\" decoding=\"async\" width=\"526\" height=\"513\" src=\"http:\/\/amae.eu\/wp-content\/uploads\/2024\/11\/Ville-2.jpg\" alt=\"\" class=\"wp-image-9175\" srcset=\"https:\/\/amae.eu\/wp-content\/uploads\/2024\/11\/Ville-2.jpg 526w, https:\/\/amae.eu\/wp-content\/uploads\/2024\/11\/Ville-2-300x293.jpg 300w\" sizes=\"(max-width: 526px) 100vw, 526px\" \/><\/figure><\/div>","protected":false},"excerpt":{"rendered":"<p>Bonjour \u00e0 toutes et \u00e0 tous, Citoyens d&rsquo;honneur de la ville de Saint Jean de Braye, Madeleine et Pierre VILLE ont f\u00eat\u00e9 leurs noces d&rsquo;alb\u00e2tre (75 ans) au restaurant le Saint Christophe, entour\u00e9s de leurs proches. Sources : La r\u00e9publique du centre du 15 novembre 2024 &#8211; Merci \u00e0 Chantal Sarradin, correspondante locale et f\u00e9licitations [&hellip;]<\/p>\n","protected":false},"author":2,"featured_media":0,"comment_status":"open","ping_status":"open","sticky":false,"template":"","format":"standard","meta":{"ngg_post_thumbnail":0,"footnotes":""},"categories":[11,19,14],"tags":[],"class_list":["post-9173","post","type-post","status-publish","format-standard","hentry","category-sjdb","category-personnalites-sjdb","category-quartiers","entry"],"_links":{"self":[{"href":"https:\/\/amae.eu\/index.php\/wp-json\/wp\/v2\/posts\/9173"}],"collection":[{"href":"https:\/\/amae.eu\/index.php\/wp-json\/wp\/v2\/posts"}],"about":[{"href":"https:\/\/amae.eu\/index.php\/wp-json\/wp\/v2\/types\/post"}],"author":[{"embeddable":true,"href":"https:\/\/amae.eu\/index.php\/wp-json\/wp\/v2\/users\/2"}],"replies":[{"embeddable":true,"href":"https:\/\/amae.eu\/index.php\/wp-json\/wp\/v2\/comments?post=9173"}],"version-history":[{"count":2,"href":"https:\/\/amae.eu\/index.php\/wp-json\/wp\/v2\/posts\/9173\/revisions"}],"predecessor-version":[{"id":9176,"href":"https:\/\/amae.eu\/index.php\/wp-json\/wp\/v2\/posts\/9173\/revisions\/9176"}],"wp:attachment":[{"href":"https:\/\/amae.eu\/index.php\/wp-json\/wp\/v2\/media?parent=9173"}],"wp:term":[{"taxonomy":"category","embeddable":true,"href":"https:\/\/amae.eu\/index.php\/wp-json\/wp\/v2\/categories?post=9173"},{"taxonomy":"post_tag","embeddable":true,"href":"https:\/\/amae.eu\/index.php\/wp-json\/wp\/v2\/tags?post=9173"}],"curies":[{"name":"wp","href":"https:\/\/api.w.org\/{rel}","templated":true}]}}