{"id":9786,"date":"2025-07-21T20:11:00","date_gmt":"2025-07-21T18:11:00","guid":{"rendered":"https:\/\/amae.eu\/?p=9786"},"modified":"2025-07-21T15:24:35","modified_gmt":"2025-07-21T13:24:35","slug":"les-transports-boissier-2","status":"publish","type":"post","link":"https:\/\/amae.eu\/index.php\/2025\/07\/21\/les-transports-boissier-2\/","title":{"rendered":"Les transports Boissier &#8211; 2"},"content":{"rendered":"\n<p>Bonsoir \u00e0 toutes et \u00e0 tous,<\/p>\n\n\n\n<p>Suite \u00e0 notre question d&rsquo;hier soir concernant les Transports BOISSIER : <\/p>\n\n\n\n<p>O\u00f9 la Soci\u00e9t\u00e9 des Transports BOISSIER a -t -elle d\u00e9marr\u00e9 son activit\u00e9 avant l&rsquo;installation de ses locaux dans la zone industrielle, <\/p>\n\n\n\n<p>avenue Denis Papin ?<\/p>\n\n\n\n<p>Voici la r\u00e9ponse : Cette soci\u00e9t\u00e9 \u00e9tait install\u00e9e rue d&rsquo;Ambert, au num\u00e9ro 52.<\/p>\n\n\n\n<p>Aujourd&rsquo;hui, c&rsquo;est une maison d&rsquo;habitation et derni\u00e8rement un salon de coiffure a ouvert dans le garage attenant.<\/p>\n\n\n\n<p>Photo : collection personnelle G. P &#8211; ann\u00e9e 1966<\/p>\n\n\n\n<p>Publicit\u00e9 : ancien bulletin municipal de SJDB &#8211; 1969<\/p>\n\n\n\n<p>Bonne soir\u00e9e.<\/p>\n\n\n\n<figure class=\"wp-block-gallery has-nested-images columns-default is-cropped wp-block-gallery-1 is-layout-flex wp-block-gallery-is-layout-flex\">\n<figure class=\"wp-block-image size-large\"><img fetchpriority=\"high\" decoding=\"async\" width=\"1024\" height=\"693\" data-id=\"9791\" src=\"https:\/\/amae.eu\/wp-content\/uploads\/2025\/07\/Transports-BOISSIER-Rue-dAmbert-1966-1024x693.jpg\" alt=\"\" class=\"wp-image-9791\" srcset=\"https:\/\/amae.eu\/wp-content\/uploads\/2025\/07\/Transports-BOISSIER-Rue-dAmbert-1966-1024x693.jpg 1024w, https:\/\/amae.eu\/wp-content\/uploads\/2025\/07\/Transports-BOISSIER-Rue-dAmbert-1966-300x203.jpg 300w, https:\/\/amae.eu\/wp-content\/uploads\/2025\/07\/Transports-BOISSIER-Rue-dAmbert-1966-768x520.jpg 768w, https:\/\/amae.eu\/wp-content\/uploads\/2025\/07\/Transports-BOISSIER-Rue-dAmbert-1966.jpg 1172w\" sizes=\"(max-width: 1024px) 100vw, 1024px\" \/><\/figure>\n<\/figure>\n\n\n\n<figure class=\"wp-block-gallery has-nested-images columns-default is-cropped wp-block-gallery-2 is-layout-flex wp-block-gallery-is-layout-flex\"><div class=\"wp-block-image\">\n<figure class=\"aligncenter size-large\"><img decoding=\"async\" width=\"914\" height=\"914\" data-id=\"9790\" src=\"https:\/\/amae.eu\/wp-content\/uploads\/2025\/07\/Transports-BOISSIER-1969.jpg\" alt=\"\" class=\"wp-image-9790\" srcset=\"https:\/\/amae.eu\/wp-content\/uploads\/2025\/07\/Transports-BOISSIER-1969.jpg 914w, https:\/\/amae.eu\/wp-content\/uploads\/2025\/07\/Transports-BOISSIER-1969-300x300.jpg 300w, https:\/\/amae.eu\/wp-content\/uploads\/2025\/07\/Transports-BOISSIER-1969-150x150.jpg 150w, https:\/\/amae.eu\/wp-content\/uploads\/2025\/07\/Transports-BOISSIER-1969-768x768.jpg 768w, https:\/\/amae.eu\/wp-content\/uploads\/2025\/07\/Transports-BOISSIER-1969-600x600.jpg 600w\" sizes=\"(max-width: 914px) 100vw, 914px\" \/><\/figure><\/div><\/figure>\n","protected":false},"excerpt":{"rendered":"<p>Bonsoir \u00e0 toutes et \u00e0 tous, Suite \u00e0 notre question d&rsquo;hier soir concernant les Transports BOISSIER : O\u00f9 la Soci\u00e9t\u00e9 des Transports BOISSIER a -t -elle d\u00e9marr\u00e9 son activit\u00e9 avant l&rsquo;installation de ses locaux dans la zone industrielle, avenue Denis Papin ? Voici la r\u00e9ponse : Cette soci\u00e9t\u00e9 \u00e9tait install\u00e9e rue d&rsquo;Ambert, au num\u00e9ro 52. [&hellip;]<\/p>\n","protected":false},"author":2,"featured_media":0,"comment_status":"open","ping_status":"open","sticky":false,"template":"","format":"standard","meta":{"ngg_post_thumbnail":0,"footnotes":""},"categories":[21,11,14],"tags":[],"class_list":["post-9786","post","type-post","status-publish","format-standard","hentry","category-commerce-et-industrie","category-sjdb","category-quartiers","entry"],"_links":{"self":[{"href":"https:\/\/amae.eu\/index.php\/wp-json\/wp\/v2\/posts\/9786"}],"collection":[{"href":"https:\/\/amae.eu\/index.php\/wp-json\/wp\/v2\/posts"}],"about":[{"href":"https:\/\/amae.eu\/index.php\/wp-json\/wp\/v2\/types\/post"}],"author":[{"embeddable":true,"href":"https:\/\/amae.eu\/index.php\/wp-json\/wp\/v2\/users\/2"}],"replies":[{"embeddable":true,"href":"https:\/\/amae.eu\/index.php\/wp-json\/wp\/v2\/comments?post=9786"}],"version-history":[{"count":2,"href":"https:\/\/amae.eu\/index.php\/wp-json\/wp\/v2\/posts\/9786\/revisions"}],"predecessor-version":[{"id":9792,"href":"https:\/\/amae.eu\/index.php\/wp-json\/wp\/v2\/posts\/9786\/revisions\/9792"}],"wp:attachment":[{"href":"https:\/\/amae.eu\/index.php\/wp-json\/wp\/v2\/media?parent=9786"}],"wp:term":[{"taxonomy":"category","embeddable":true,"href":"https:\/\/amae.eu\/index.php\/wp-json\/wp\/v2\/categories?post=9786"},{"taxonomy":"post_tag","embeddable":true,"href":"https:\/\/amae.eu\/index.php\/wp-json\/wp\/v2\/tags?post=9786"}],"curies":[{"name":"wp","href":"https:\/\/api.w.org\/{rel}","templated":true}]}}